{"id":19224,"date":"2025-11-07T14:03:07","date_gmt":"2025-11-07T17:03:07","guid":{"rendered":"https:\/\/lavozpuntana.com\/?p=19224"},"modified":"2026-02-03T04:04:02","modified_gmt":"2026-02-03T07:04:02","slug":"inician-obras-de-refaccion-en-la-comisaria-10-de-villa-mercedes","status":"publish","type":"post","link":"https:\/\/lavozpuntana.com\/?p=19224","title":{"rendered":"INICIAN OBRAS DE REFACCI\u00d3N EN LA COMISAR\u00cdA 10 DE VILLA MERCEDES"},"content":{"rendered":"\n<figure class=\"wp-block-image size-full\"><img loading=\"lazy\" decoding=\"async\" width=\"840\" height=\"600\" src=\"https:\/\/lavozpuntana.com\/wp-content\/uploads\/2025\/11\/WhatsApp-Image-2025-11-06-at-14.16.00.jpeg\" alt=\"\" class=\"wp-image-19225\" srcset=\"https:\/\/lavozpuntana.com\/wp-content\/uploads\/2025\/11\/WhatsApp-Image-2025-11-06-at-14.16.00.jpeg 840w, https:\/\/lavozpuntana.com\/wp-content\/uploads\/2025\/11\/WhatsApp-Image-2025-11-06-at-14.16.00-300x214.jpeg 300w, https:\/\/lavozpuntana.com\/wp-content\/uploads\/2025\/11\/WhatsApp-Image-2025-11-06-at-14.16.00-768x549.jpeg 768w\" sizes=\"auto, (max-width: 840px) 100vw, 840px\" \/><\/figure>\n\n\n\n<p><strong>El monto total de la obra es de $136.460.676,80. La inversi\u00f3n permitir\u00e1 poner en valor integralmente la dependencia policial y mejorar las condiciones laborales de los efectivos.<\/strong><\/p>\n\n\n\n<p>La ministra de Seguridad, Nancy Sosa, junto a arquitectas de la direcci\u00f3n de Infraestructura de Seguridad, el jefe y subjefe de la comisar\u00eda y personal policial, realiz\u00f3 un recorrido por la&nbsp;<strong>Comisar\u00eda 10\u00b0 de Villa Mercedes<\/strong>&nbsp;para conocer en detalle las obras que se realizar\u00e1n all\u00ed.<\/p>\n\n\n\n<p>Evaluaron distintas necesidades edilicias, entre ellas el&nbsp;<strong>recambio total de pisos y aberturas<\/strong>, la&nbsp;<strong>renovaci\u00f3n completa de los bloques h\u00famedos (sanitarios)<\/strong>&nbsp;y la&nbsp;<strong>modificaci\u00f3n del espacio de guardia<\/strong>&nbsp;para que pueda albergar tanto a personal femenino como masculino. Adem\u00e1s, se har\u00e1&nbsp;el&nbsp;<strong>recambio de la cubierta del edificio&nbsp;<\/strong>y la<strong>&nbsp;remodelaci\u00f3n de los calabozos<\/strong>.<\/p>\n\n\n\n<p>El monto total de la obra es de<strong>&nbsp;$136.460.676,80<\/strong>, una inversi\u00f3n que permitir\u00e1 poner en valor integralmente la dependencia policial y mejorar las condiciones laborales de los efectivos.<\/p>\n\n\n\n<p>Tras la visita, la ministro Sosa expres\u00f3: \u201cEsta es una de las tantas dependencias policiales que a\u00fan no se ha podido modificar debido a que ten\u00edamos otras urgencias, en lugares donde el personal trabajaba en condiciones m\u00e1s cr\u00edticas. Durante la gesti\u00f3n<strong>&nbsp;tuvimos que establecer prioridades y avanzar con refacciones, mantenimientos, construcciones y la puesta en valor de los&nbsp;espacios&nbsp;<\/strong>que ocupa nuestro personal.\u201d<\/p>\n\n\n\n<p>Asimismo, la titular de la cartera de Seguridad destac\u00f3 que realizar obras en dependencias policiales implica tambi\u00e9n un trabajo operativo adicional, ya que el servicio debe continuar activo durante el proceso de mejoras.<\/p>\n\n\n\n<p>\u201cIniciar una obra no es simplemente poner en marcha una refacci\u00f3n. Existe una parte operativa que requiere organizar el traslado del personal para seguir brindando atenci\u00f3n a la comunidad, y eso demanda un esfuerzo conjunto. Hemos entendido que \u00e9ste es el camino\u201d, afirm\u00f3.<\/p>\n\n\n\n<p>Finalmente, Sosa anunci\u00f3 que&nbsp;<strong>las obras de la Comisar\u00eda 10\u00b0 comenzar\u00e1n el lunes 10 de noviembre<\/strong>, marcando un nuevo paso dentro del plan de infraestructura y modernizaci\u00f3n de dependencias policiales que lleva adelante la cartera de Seguridad.<\/p>\n","protected":false},"excerpt":{"rendered":"<p>El monto total de la obra es de $136.460.676,80. La inversi\u00f3n permitir\u00e1 poner en valor<\/p>\n","protected":false},"author":4,"featured_media":19225,"comment_status":"closed","ping_status":"closed","sticky":false,"template":"","format":"standard","meta":{"footnotes":""},"categories":[4],"tags":[],"class_list":["post-19224","post","type-post","status-publish","format-standard","has-post-thumbnail","hentry","category-la-provincia"],"_links":{"self":[{"href":"https:\/\/lavozpuntana.com\/index.php?rest_route=\/wp\/v2\/posts\/19224","targetHints":{"allow":["GET"]}}],"collection":[{"href":"https:\/\/lavozpuntana.com\/index.php?rest_route=\/wp\/v2\/posts"}],"about":[{"href":"https:\/\/lavozpuntana.com\/index.php?rest_route=\/wp\/v2\/types\/post"}],"author":[{"embeddable":true,"href":"https:\/\/lavozpuntana.com\/index.php?rest_route=\/wp\/v2\/users\/4"}],"replies":[{"embeddable":true,"href":"https:\/\/lavozpuntana.com\/index.php?rest_route=%2Fwp%2Fv2%2Fcomments&post=19224"}],"version-history":[{"count":3,"href":"https:\/\/lavozpuntana.com\/index.php?rest_route=\/wp\/v2\/posts\/19224\/revisions"}],"predecessor-version":[{"id":21678,"href":"https:\/\/lavozpuntana.com\/index.php?rest_route=\/wp\/v2\/posts\/19224\/revisions\/21678"}],"wp:featuredmedia":[{"embeddable":true,"href":"https:\/\/lavozpuntana.com\/index.php?rest_route=\/wp\/v2\/media\/19225"}],"wp:attachment":[{"href":"https:\/\/lavozpuntana.com\/index.php?rest_route=%2Fwp%2Fv2%2Fmedia&parent=19224"}],"wp:term":[{"taxonomy":"category","embeddable":true,"href":"https:\/\/lavozpuntana.com\/index.php?rest_route=%2Fwp%2Fv2%2Fcategories&post=19224"},{"taxonomy":"post_tag","embeddable":true,"href":"https:\/\/lavozpuntana.com\/index.php?rest_route=%2Fwp%2Fv2%2Ftags&post=19224"}],"curies":[{"name":"wp","href":"https:\/\/api.w.org\/{rel}","templated":true}]}}