{"id":19230,"date":"2025-11-07T14:09:42","date_gmt":"2025-11-07T17:09:42","guid":{"rendered":"https:\/\/lavozpuntana.com\/?p=19230"},"modified":"2026-02-03T04:04:02","modified_gmt":"2026-02-03T07:04:02","slug":"el-gobierno-convoca-a-mas-bicicleteros-para-sumarse-al-plan-tubi-2026","status":"publish","type":"post","link":"https:\/\/lavozpuntana.com\/?p=19230","title":{"rendered":"EL GOBIERNO CONVOCA A M\u00c1S BICICLETEROS PARA SUMARSE AL PLAN TUBI 2026"},"content":{"rendered":"\n<figure class=\"wp-block-image size-large\"><img loading=\"lazy\" decoding=\"async\" width=\"1024\" height=\"681\" src=\"https:\/\/lavozpuntana.com\/wp-content\/uploads\/2025\/11\/WhatsApp-Image-2025-11-07-at-11.48.56-1024x681.jpeg\" alt=\"\" class=\"wp-image-19231\" srcset=\"https:\/\/lavozpuntana.com\/wp-content\/uploads\/2025\/11\/WhatsApp-Image-2025-11-07-at-11.48.56-1024x681.jpeg 1024w, https:\/\/lavozpuntana.com\/wp-content\/uploads\/2025\/11\/WhatsApp-Image-2025-11-07-at-11.48.56-300x200.jpeg 300w, https:\/\/lavozpuntana.com\/wp-content\/uploads\/2025\/11\/WhatsApp-Image-2025-11-07-at-11.48.56-768x511.jpeg 768w, https:\/\/lavozpuntana.com\/wp-content\/uploads\/2025\/11\/WhatsApp-Image-2025-11-07-at-11.48.56-1536x1022.jpeg 1536w, https:\/\/lavozpuntana.com\/wp-content\/uploads\/2025\/11\/WhatsApp-Image-2025-11-07-at-11.48.56-2048x1362.jpeg 2048w\" sizes=\"auto, (max-width: 1024px) 100vw, 1024px\" \/><\/figure>\n\n\n\n<p><strong>El registro de proveedores del Plan TuBi permanecer\u00e1 abierto hasta el 30 de noviembre. El objetivo es ampliar la participaci\u00f3n de bicicleteros de toda la provincia y fortalecer el desarrollo econ\u00f3mico local. La pr\u00f3xima semana se realizar\u00e1n reuniones informativas en distintos departamentos.<\/strong><\/p>\n\n\n\n<p>El Gobierno de San Luis avanza con la primera etapa del&nbsp;<strong>Plan TuBi 2026<\/strong>, una pol\u00edtica p\u00fablica que combina movilidad sustentable, salud y desarrollo econ\u00f3mico. A trav\u00e9s de la secretar\u00eda de Transporte, anunciaron en conferencia de prensa que&nbsp;<strong>continuar\u00e1 abierto el registro de proveedores hasta el 30 de noviembre<\/strong>, e invitaron a todos los bicicleteros de la provincia a inscribirse en el&nbsp;<a href=\"http:\/\/www.sanluis.gov.ar\/\">sitio oficial del Gobierno provincial<\/a>.<\/p>\n\n\n\n<p>La asesora legal de la secretar\u00eda de Transporte, Roc\u00edo Leyes, destac\u00f3 que \u201cel objetivo central para TuBi 2026 es llegar a la mayor convocatoria de proveedores en nuestra provincia\u201d porque \u201cqueremos que m\u00e1s bicicleteros del rubro se incorporen para desarrollar econ\u00f3micamente a San Luis de la manera m\u00e1s equitativa para todos\u201d.<\/p>\n\n\n\n<p>Leyes record\u00f3 que el&nbsp;<strong>Plan TuBi<\/strong>&nbsp;no es solo una pol\u00edtica de movilidad, sino&nbsp;<strong>tambi\u00e9n una herramienta de desarrollo econ\u00f3mico que genera oportunidades en cada rinc\u00f3n de la provincia<\/strong>. \u201cUno de los prop\u00f3sitos esenciales es fortalecer el rubro de las bicicletas en cada departamento de San Luis. Queremos que las bicicleter\u00edas locales crezcan y se consoliden como parte del programa\u201d, subray\u00f3.<\/p>\n\n\n\n<p>Para acompa\u00f1ar el proceso de inscripci\u00f3n, la Secretar\u00eda realizar\u00e1 encuentros informativos en distintos departamentos la pr\u00f3xima semana. El lunes 10 de noviembre, la primera reuni\u00f3n ser\u00e1 en el Microcine de la EDIRO, en San Luis, a las 10:00, destinada a los interesados del departamento Pueyrred\u00f3n. Luego, los encuentros continuar\u00e1n el mi\u00e9rcoles 12 en Merlo, el jueves 13 en Villa Mercedes y el viernes 14 en Quines, con la presencia de equipos t\u00e9cnicos que brindar\u00e1n asesoramiento a los proveedores.<\/p>\n\n\n\n<p>\u201cA todos aquellos interesados les va a estar llegando una invitaci\u00f3n para que participen de estas reuniones. La idea es que el desarrollo de esta primera etapa sea en conjunto con los bicicleteros que ser\u00e1n parte durante el 2026\u201d, precis\u00f3 Leyes.<\/p>\n\n\n\n<p>La funcionaria tambi\u00e9n remarc\u00f3 que el registro est\u00e1 abierto tanto para comercios consolidados como para talleres o bicicleter\u00edas peque\u00f1as, y que&nbsp;<strong>desde el Gobierno se brindar\u00e1 asistencia t\u00e9cnica, jur\u00eddica y contable para ayudar a los interesados a cumplir los requisitos de contrataci\u00f3n con el Estado<\/strong>.<\/p>\n\n\n\n<p>\u201cNos ha sucedido en el 2025 que m\u00e1s de un proveedor desarrollaba la actividad, ten\u00eda su comercio, pero no estaba debidamente registrado. Por eso, desde la Secretar\u00eda hay un equipo que los va a asesorar para que puedan cumplir los requisitos y participar. Les pedimos que no se queden con dudas y se inscriban, queremos fomentar su desarrollo econ\u00f3mico y que crezcan\u201d, concluy\u00f3.<\/p>\n","protected":false},"excerpt":{"rendered":"<p>El registro de proveedores del Plan TuBi permanecer\u00e1 abierto hasta el 30 de noviembre. El<\/p>\n","protected":false},"author":4,"featured_media":19231,"comment_status":"closed","ping_status":"closed","sticky":false,"template":"","format":"standard","meta":{"footnotes":""},"categories":[4],"tags":[],"class_list":["post-19230","post","type-post","status-publish","format-standard","has-post-thumbnail","hentry","category-la-provincia"],"_links":{"self":[{"href":"https:\/\/lavozpuntana.com\/index.php?rest_route=\/wp\/v2\/posts\/19230","targetHints":{"allow":["GET"]}}],"collection":[{"href":"https:\/\/lavozpuntana.com\/index.php?rest_route=\/wp\/v2\/posts"}],"about":[{"href":"https:\/\/lavozpuntana.com\/index.php?rest_route=\/wp\/v2\/types\/post"}],"author":[{"embeddable":true,"href":"https:\/\/lavozpuntana.com\/index.php?rest_route=\/wp\/v2\/users\/4"}],"replies":[{"embeddable":true,"href":"https:\/\/lavozpuntana.com\/index.php?rest_route=%2Fwp%2Fv2%2Fcomments&post=19230"}],"version-history":[{"count":3,"href":"https:\/\/lavozpuntana.com\/index.php?rest_route=\/wp\/v2\/posts\/19230\/revisions"}],"predecessor-version":[{"id":21680,"href":"https:\/\/lavozpuntana.com\/index.php?rest_route=\/wp\/v2\/posts\/19230\/revisions\/21680"}],"wp:featuredmedia":[{"embeddable":true,"href":"https:\/\/lavozpuntana.com\/index.php?rest_route=\/wp\/v2\/media\/19231"}],"wp:attachment":[{"href":"https:\/\/lavozpuntana.com\/index.php?rest_route=%2Fwp%2Fv2%2Fmedia&parent=19230"}],"wp:term":[{"taxonomy":"category","embeddable":true,"href":"https:\/\/lavozpuntana.com\/index.php?rest_route=%2Fwp%2Fv2%2Fcategories&post=19230"},{"taxonomy":"post_tag","embeddable":true,"href":"https:\/\/lavozpuntana.com\/index.php?rest_route=%2Fwp%2Fv2%2Ftags&post=19230"}],"curies":[{"name":"wp","href":"https:\/\/api.w.org\/{rel}","templated":true}]}}