{"id":19246,"date":"2025-11-07T14:44:08","date_gmt":"2025-11-07T17:44:08","guid":{"rendered":"https:\/\/lavozpuntana.com\/?p=19246"},"modified":"2026-02-03T04:04:02","modified_gmt":"2026-02-03T07:04:02","slug":"es-ley-la-creacion-del-municipio-de-suyuque","status":"publish","type":"post","link":"https:\/\/lavozpuntana.com\/?p=19246","title":{"rendered":"ES LEY LA CREACI\u00d3N DEL MUNICIPIO DE SUYUQUE"},"content":{"rendered":"\n<figure class=\"wp-block-image size-large\"><img loading=\"lazy\" decoding=\"async\" width=\"1024\" height=\"681\" src=\"https:\/\/lavozpuntana.com\/wp-content\/uploads\/2025\/11\/DSC_0345-1024x681.jpg\" alt=\"\" class=\"wp-image-19247\" srcset=\"https:\/\/lavozpuntana.com\/wp-content\/uploads\/2025\/11\/DSC_0345-1024x681.jpg 1024w, https:\/\/lavozpuntana.com\/wp-content\/uploads\/2025\/11\/DSC_0345-300x199.jpg 300w, https:\/\/lavozpuntana.com\/wp-content\/uploads\/2025\/11\/DSC_0345-768x511.jpg 768w, https:\/\/lavozpuntana.com\/wp-content\/uploads\/2025\/11\/DSC_0345-1536x1021.jpg 1536w, https:\/\/lavozpuntana.com\/wp-content\/uploads\/2025\/11\/DSC_0345.jpg 1900w\" sizes=\"auto, (max-width: 1024px) 100vw, 1024px\" \/><\/figure>\n\n\n\n<p><strong>El proyecto beneficia a unas 3.000 familias de las localidades de Suyuque Nuevo, Los Molles, El Milagro y La Loma que durante a\u00f1os crecieron sin una administraci\u00f3n local que las representara ni garantizara servicios b\u00e1sicos. La sanci\u00f3n fue impulsada por unanimidad.<\/strong><\/p>\n\n\n\n<p>El mi\u00e9rcoles 5, la C\u00e1mara de Diputados dio sanci\u00f3n definitiva a la ley que crea el municipio de Suyuque, una iniciativa impulsada por el gobernador Claudio Poggi para dar respuesta a un reclamo hist\u00f3rico de los vecinos del departamento Belgrano.<\/p>\n\n\n\n<p>El nuevo municipio estar\u00e1 conformado por&nbsp;<strong>Suyuque Nuevo, Los Molles, El Milagro y La Loma<\/strong>, localidades que durante a\u00f1os se desarrollaron sin una administraci\u00f3n local que las representara y garantizara servicios b\u00e1sicos.<\/p>\n\n\n\n<p>La diputada Luciana Perano, miembro informante del proyecto, se\u00f1al\u00f3 que la zona \u201cha crecido y se ha consolidado en el tiempo, pero hasta hoy no ha contado con una autoridad municipal que la organice y la contenga\u201d.<\/p>\n\n\n\n<p>Perano explic\u00f3 que la iniciativa \u201ctiene un prop\u00f3sito claro y profundamente necesario:&nbsp;<strong>dar respuesta jur\u00eddica, institucional y pol\u00edtica a una realidad social ya existente<\/strong>\u201d. Record\u00f3 que los vecinos de estas localidades \u201chan debido organizarse por su cuenta y gestionar ante diferentes organismos, muchas veces sin respuestas o con demoras derivadas de la falta de una autoridad competente en el territorio\u201d.<\/p>\n\n\n\n<p>Hist\u00f3ricamente, estas comunidades se encontraban en una&nbsp;<strong>\u201czona gris\u201d<\/strong>&nbsp;al quedar fuera de la cobertura efectiva de los municipios colindantes. Esa falta de delimitaci\u00f3n y de autoridad local provoc\u00f3 con el tiempo un crecimiento desorganizado y una marcada ausencia de infraestructura. Hoy el \u00e1rea enfrenta carencias en la provisi\u00f3n de agua potable, energ\u00eda el\u00e9ctrica, recolecci\u00f3n de residuos y mantenimiento de caminos rurales y vecinales, lo que vuelve indispensable una estructura municipal propia que coordine los servicios y planifique el desarrollo de manera ordenada y sostenida.<\/p>\n\n\n\n<p>\u201cCada uno de los vecinos y vecinas de Los Molles, del Milagro, de La Loma y de Suyuque sabe que necesita&nbsp;<strong>un municipio que los escuche<\/strong>. Por eso este proyecto no crea una estructura vac\u00eda. Lo que hace es reconocer institucionalmente lo que ya existe y brindar herramientas legales para planificar este crecimiento, para asegurar la provisi\u00f3n de los servicios y sobre todo para darle la voz pol\u00edtica a una comunidad que hasta hoy no la tuvo\u201d, dijo Perano.<\/p>\n\n\n\n<p>Y agreg\u00f3: \u201c<strong>Hoy el Gobierno provincial los escuch\u00f3.<\/strong>&nbsp;Estoy convencida de que con esta decisi\u00f3n estamos acercando el Estado a la gente, estamos corrigiendo una deuda hist\u00f3rica y estamos proyectando un futuro con m\u00e1s orden, m\u00e1s equidad y m\u00e1s oportunidades para todos los habitantes de la regi\u00f3n\u201d.<\/p>\n\n\n\n<p>Alberto Leyes, presidente de la C\u00e1mara de Diputados y legislador por Belgrano, dej\u00f3 moment\u00e1neamente la presidencia del cuerpo para hacer uso de la palabra desde su banca.<\/p>\n\n\n\n<p><strong>\u201cEste sue\u00f1o fue contado por los vecinos y escuchado y tenido en cuenta por el actual gobernador, Claudio Poggi, quien en poco tiempo envi\u00f3 a la Legislatura el proyecto de ley para que ya no se hable de un sue\u00f1o, sino de una realidad\u201d<\/strong>, expres\u00f3.<\/p>\n\n\n\n<p>\u201cLa creaci\u00f3n del municipio del Suyuque, Los Molles, La Loma y El Milagro -una zona con potencial tur\u00edstico, productivo y econ\u00f3mico, en un lugar de ensue\u00f1o- marca un antes y un despu\u00e9s. Estoy seguro de que se avecinan tiempos muy prometedores y exitosos\u201d, finaliz\u00f3 Leyes.<\/p>\n","protected":false},"excerpt":{"rendered":"<p>El proyecto beneficia a unas 3.000 familias de las localidades de Suyuque Nuevo, Los Molles,<\/p>\n","protected":false},"author":4,"featured_media":19247,"comment_status":"closed","ping_status":"closed","sticky":false,"template":"","format":"standard","meta":{"footnotes":""},"categories":[4],"tags":[],"class_list":["post-19246","post","type-post","status-publish","format-standard","has-post-thumbnail","hentry","category-la-provincia"],"_links":{"self":[{"href":"https:\/\/lavozpuntana.com\/index.php?rest_route=\/wp\/v2\/posts\/19246","targetHints":{"allow":["GET"]}}],"collection":[{"href":"https:\/\/lavozpuntana.com\/index.php?rest_route=\/wp\/v2\/posts"}],"about":[{"href":"https:\/\/lavozpuntana.com\/index.php?rest_route=\/wp\/v2\/types\/post"}],"author":[{"embeddable":true,"href":"https:\/\/lavozpuntana.com\/index.php?rest_route=\/wp\/v2\/users\/4"}],"replies":[{"embeddable":true,"href":"https:\/\/lavozpuntana.com\/index.php?rest_route=%2Fwp%2Fv2%2Fcomments&post=19246"}],"version-history":[{"count":3,"href":"https:\/\/lavozpuntana.com\/index.php?rest_route=\/wp\/v2\/posts\/19246\/revisions"}],"predecessor-version":[{"id":21685,"href":"https:\/\/lavozpuntana.com\/index.php?rest_route=\/wp\/v2\/posts\/19246\/revisions\/21685"}],"wp:featuredmedia":[{"embeddable":true,"href":"https:\/\/lavozpuntana.com\/index.php?rest_route=\/wp\/v2\/media\/19247"}],"wp:attachment":[{"href":"https:\/\/lavozpuntana.com\/index.php?rest_route=%2Fwp%2Fv2%2Fmedia&parent=19246"}],"wp:term":[{"taxonomy":"category","embeddable":true,"href":"https:\/\/lavozpuntana.com\/index.php?rest_route=%2Fwp%2Fv2%2Fcategories&post=19246"},{"taxonomy":"post_tag","embeddable":true,"href":"https:\/\/lavozpuntana.com\/index.php?rest_route=%2Fwp%2Fv2%2Ftags&post=19246"}],"curies":[{"name":"wp","href":"https:\/\/api.w.org\/{rel}","templated":true}]}}