{"id":19252,"date":"2025-11-10T10:36:46","date_gmt":"2025-11-10T13:36:46","guid":{"rendered":"https:\/\/lavozpuntana.com\/?p=19252"},"modified":"2026-02-03T04:04:02","modified_gmt":"2026-02-03T07:04:02","slug":"nacho-olagaray-es-el-nuevo-intendente-electo-de-potrero-de-los-funes","status":"publish","type":"post","link":"https:\/\/lavozpuntana.com\/?p=19252","title":{"rendered":"NACHO OLAGARAY ES EL NUEVO INTENDENTE ELECTO DE POTRERO DE LOS FUNES\u00a0"},"content":{"rendered":"\n<figure class=\"wp-block-image size-large\"><img loading=\"lazy\" decoding=\"async\" width=\"1024\" height=\"683\" src=\"https:\/\/lavozpuntana.com\/wp-content\/uploads\/2025\/11\/1000000432-1024x683.jpg\" alt=\"\" class=\"wp-image-19253\" srcset=\"https:\/\/lavozpuntana.com\/wp-content\/uploads\/2025\/11\/1000000432-1024x683.jpg 1024w, https:\/\/lavozpuntana.com\/wp-content\/uploads\/2025\/11\/1000000432-300x200.jpg 300w, https:\/\/lavozpuntana.com\/wp-content\/uploads\/2025\/11\/1000000432-768x512.jpg 768w, https:\/\/lavozpuntana.com\/wp-content\/uploads\/2025\/11\/1000000432-1536x1024.jpg 1536w, https:\/\/lavozpuntana.com\/wp-content\/uploads\/2025\/11\/1000000432-2048x1366.jpg 2048w\" sizes=\"auto, (max-width: 1024px) 100vw, 1024px\" \/><\/figure>\n\n\n\n<p><strong>Este domingo, Ignacio Olagaray, de \u2018Ahora San Luis\u2019 gan\u00f3 las elecciones en la localidad de Potrero de los Funes. El gobernador, Claudio Poggi particip\u00f3 de los festejos, agradeci\u00f3 a los vecinos y manifest\u00f3: \u201cTerminamos invictos el a\u00f1o\u201d.<\/strong><\/p>\n\n\n\n<p>\u2018Nacho\u2019 Olagaray (Ahora San Luis) super\u00f3 por siete votos a Daniel Orlando (Potrero Activo) y se convirti\u00f3 en el intendente electo de la localidad.<\/p>\n\n\n\n<p>De acuerdo a los datos provisorios que inform\u00f3 la Justicia Electoral provincial, Olagaray sum\u00f3 756 votos (38,7%). Le sigui\u00f3 en segundo lugar Daniel Orlando con 749 (37,71%), mientras que el actual intendente, Dami\u00e1n G\u00f3mez obtuvo 298 sufragios (15,01%).<\/p>\n\n\n\n<p>El gobernador, Claudio Poggi, se acerc\u00f3 hasta el bunker de \u2018Ahora San Luis\u2019 para felicitar y acompa\u00f1ar al intendente electo y a su equipo de trabajo. Destac\u00f3 el triunfo y la oportunidad de trabajar mancomunadamente para el crecimiento de Potrero de los Funes.<\/p>\n","protected":false},"excerpt":{"rendered":"<p>Este domingo, Ignacio Olagaray, de \u2018Ahora San Luis\u2019 gan\u00f3 las elecciones en la localidad de<\/p>\n","protected":false},"author":4,"featured_media":19253,"comment_status":"closed","ping_status":"closed","sticky":false,"template":"","format":"standard","meta":{"footnotes":""},"categories":[4],"tags":[],"class_list":["post-19252","post","type-post","status-publish","format-standard","has-post-thumbnail","hentry","category-la-provincia"],"_links":{"self":[{"href":"https:\/\/lavozpuntana.com\/index.php?rest_route=\/wp\/v2\/posts\/19252","targetHints":{"allow":["GET"]}}],"collection":[{"href":"https:\/\/lavozpuntana.com\/index.php?rest_route=\/wp\/v2\/posts"}],"about":[{"href":"https:\/\/lavozpuntana.com\/index.php?rest_route=\/wp\/v2\/types\/post"}],"author":[{"embeddable":true,"href":"https:\/\/lavozpuntana.com\/index.php?rest_route=\/wp\/v2\/users\/4"}],"replies":[{"embeddable":true,"href":"https:\/\/lavozpuntana.com\/index.php?rest_route=%2Fwp%2Fv2%2Fcomments&post=19252"}],"version-history":[{"count":3,"href":"https:\/\/lavozpuntana.com\/index.php?rest_route=\/wp\/v2\/posts\/19252\/revisions"}],"predecessor-version":[{"id":21687,"href":"https:\/\/lavozpuntana.com\/index.php?rest_route=\/wp\/v2\/posts\/19252\/revisions\/21687"}],"wp:featuredmedia":[{"embeddable":true,"href":"https:\/\/lavozpuntana.com\/index.php?rest_route=\/wp\/v2\/media\/19253"}],"wp:attachment":[{"href":"https:\/\/lavozpuntana.com\/index.php?rest_route=%2Fwp%2Fv2%2Fmedia&parent=19252"}],"wp:term":[{"taxonomy":"category","embeddable":true,"href":"https:\/\/lavozpuntana.com\/index.php?rest_route=%2Fwp%2Fv2%2Fcategories&post=19252"},{"taxonomy":"post_tag","embeddable":true,"href":"https:\/\/lavozpuntana.com\/index.php?rest_route=%2Fwp%2Fv2%2Ftags&post=19252"}],"curies":[{"name":"wp","href":"https:\/\/api.w.org\/{rel}","templated":true}]}}