{"id":19781,"date":"2026-01-19T11:14:56","date_gmt":"2026-01-19T14:14:56","guid":{"rendered":"https:\/\/lavozpuntana.com\/?p=19781"},"modified":"2026-02-03T04:04:04","modified_gmt":"2026-02-03T07:04:04","slug":"milei-viaja-a-davos-con-la-expectativa-de-volver-a-encontrarse-con-trump","status":"publish","type":"post","link":"https:\/\/lavozpuntana.com\/?p=19781","title":{"rendered":"MILEI VIAJA A DAVOS CON LA EXPECTATIVA DE VOLVER A ENCONTRARSE CON TRUMP"},"content":{"rendered":"\n<figure class=\"wp-block-image size-large\"><img loading=\"lazy\" decoding=\"async\" width=\"1024\" height=\"683\" src=\"https:\/\/lavozpuntana.com\/wp-content\/uploads\/2026\/01\/720-6-1024x683.webp\" alt=\"\" class=\"wp-image-19782\" srcset=\"https:\/\/lavozpuntana.com\/wp-content\/uploads\/2026\/01\/720-6-1024x683.webp 1024w, https:\/\/lavozpuntana.com\/wp-content\/uploads\/2026\/01\/720-6-300x200.webp 300w, https:\/\/lavozpuntana.com\/wp-content\/uploads\/2026\/01\/720-6-768x512.webp 768w, https:\/\/lavozpuntana.com\/wp-content\/uploads\/2026\/01\/720-6.webp 1079w\" sizes=\"auto, (max-width: 1024px) 100vw, 1024px\" \/><\/figure>\n\n\n\n<p><strong>El Presidente parte este lunes hacia Suiza para participar del Foro Econ\u00f3mico y mantener una agenda con posibles reuniones con empresarios internacionales.<\/strong><\/p>\n\n\n\n<p><strong>Javier Milei<\/strong>&nbsp;inicia esta semana una de las giras m\u00e1s determinantes de su gesti\u00f3n, con el viaje a Davos, Suiza, para participar de la cumbre que re\u00fane a la \u00e9lite financiera global entre el 19 y el 23 de enero.&nbsp;<\/p>\n\n\n\n<p>La misi\u00f3n presidencial tiene un doble objetivo:&nbsp;<strong>presentar a la Argentina como un destino seguro para el capital internacional y profundizar su batalla cultural contra el colectivismo<\/strong>, en un escenario donde compartir\u00e1 protagonismo con l\u00edderes de la talla de&nbsp;<strong>Donald Trump<\/strong>.<\/p>\n\n\n\n<p>El momento central de la gira tendr\u00e1 lugar el mi\u00e9rcoles a las 11:45 (hora argentina), cuando Milei suba al estrado principal.&nbsp;<em>Se espera una exposici\u00f3n de 30 minutos donde el libertario ratificar\u00e1 su alineamiento geopol\u00edtico con los Estados Unidos<\/em>, defender\u00e1 la apertura comercial irrestricta y lanzar\u00e1 duras cr\u00edticas contra la denominada agenda \u00abwoke\u00bb y los movimientos de izquierda.<\/p>\n\n\n\n<p>Sin embargo, el foco tambi\u00e9n estar\u00e1 puesto en los pasillos del Foro. Persiste una fuerte expectativa por una posible reuni\u00f3n bilateral, o al menos un encuentro informal, con&nbsp;<strong>Donald Trump<\/strong>.&nbsp;<\/p>\n\n\n\n<p>El cruce entre ambos mandatarios se dar\u00eda en un clima de alta volatilidad internacional, marcado por el reciente operativo estadounidense en Venezuela que culmin\u00f3 con la captura de&nbsp;<strong>Nicol\u00e1s Maduro<\/strong>&nbsp;y la escalada de tensiones en Ir\u00e1n.<\/p>\n\n\n\n<p><strong>C\u00f3mo sigue la agenda de Javier Milei en Davos<\/strong><\/p>\n\n\n\n<p>M\u00e1s all\u00e1 de la ret\u00f3rica pol\u00edtica, la agenda del mi\u00e9rcoles incluye una marat\u00f3n de reuniones privadas con los m\u00e1ximos referentes del sistema financiero global. Milei tiene previsto sentarse cara a cara con figuras como Jamie Dimon (<strong>JP Morgan<\/strong>), Larry Fink (<strong>BlackRock<\/strong>) y David Solomon (<strong>Goldman Sachs<\/strong>). Tambi\u00e9n se sumar\u00e1n a la mesa Brian Moynihan (<strong>Bank of America<\/strong>) y los l\u00edderes de las principales entidades espa\u00f1olas, Onur Gen\u00e7 (<strong>BBVA<\/strong>) y H\u00e9ctor Grisi (<strong>Santander<\/strong>).<\/p>\n\n\n\n<p>La presentaci\u00f3n del mandatario argentino ocurre apenas d\u00edas despu\u00e9s de la firma del hist\u00f3rico acuerdo comercial entre el Mercosur y la Uni\u00f3n Europea, un activo que Milei llevar\u00e1 bajo el brazo para negociar con los inversores.&nbsp;<\/p>\n\n\n\n<p>No obstante, el foro no estar\u00e1 exento de temas espinosos de la agenda de Trump, como sus planes respecto a la anexi\u00f3n de Groenlandia, lo que a\u00f1ade una capa extra de complejidad diplom\u00e1tica a una cumbre que definir\u00e1 gran parte de la relaci\u00f3n de la Argentina con el mundo para el resto del a\u00f1o.&nbsp;<\/p>\n","protected":false},"excerpt":{"rendered":"<p>El Presidente parte este lunes hacia Suiza para participar del Foro Econ\u00f3mico y mantener una<\/p>\n","protected":false},"author":4,"featured_media":19782,"comment_status":"closed","ping_status":"closed","sticky":false,"template":"","format":"standard","meta":{"footnotes":""},"categories":[5],"tags":[],"class_list":["post-19781","post","type-post","status-publish","format-standard","has-post-thumbnail","hentry","category-el-pais"],"_links":{"self":[{"href":"https:\/\/lavozpuntana.com\/index.php?rest_route=\/wp\/v2\/posts\/19781","targetHints":{"allow":["GET"]}}],"collection":[{"href":"https:\/\/lavozpuntana.com\/index.php?rest_route=\/wp\/v2\/posts"}],"about":[{"href":"https:\/\/lavozpuntana.com\/index.php?rest_route=\/wp\/v2\/types\/post"}],"author":[{"embeddable":true,"href":"https:\/\/lavozpuntana.com\/index.php?rest_route=\/wp\/v2\/users\/4"}],"replies":[{"embeddable":true,"href":"https:\/\/lavozpuntana.com\/index.php?rest_route=%2Fwp%2Fv2%2Fcomments&post=19781"}],"version-history":[{"count":3,"href":"https:\/\/lavozpuntana.com\/index.php?rest_route=\/wp\/v2\/posts\/19781\/revisions"}],"predecessor-version":[{"id":21851,"href":"https:\/\/lavozpuntana.com\/index.php?rest_route=\/wp\/v2\/posts\/19781\/revisions\/21851"}],"wp:featuredmedia":[{"embeddable":true,"href":"https:\/\/lavozpuntana.com\/index.php?rest_route=\/wp\/v2\/media\/19782"}],"wp:attachment":[{"href":"https:\/\/lavozpuntana.com\/index.php?rest_route=%2Fwp%2Fv2%2Fmedia&parent=19781"}],"wp:term":[{"taxonomy":"category","embeddable":true,"href":"https:\/\/lavozpuntana.com\/index.php?rest_route=%2Fwp%2Fv2%2Fcategories&post=19781"},{"taxonomy":"post_tag","embeddable":true,"href":"https:\/\/lavozpuntana.com\/index.php?rest_route=%2Fwp%2Fv2%2Ftags&post=19781"}],"curies":[{"name":"wp","href":"https:\/\/api.w.org\/{rel}","templated":true}]}}