{"id":19784,"date":"2026-01-19T11:19:10","date_gmt":"2026-01-19T14:19:10","guid":{"rendered":"https:\/\/lavozpuntana.com\/?p=19784"},"modified":"2026-02-03T04:04:04","modified_gmt":"2026-02-03T07:04:04","slug":"el-gobierno-convoco-a-sesiones-extraordinarias-para-febrero-con-la-reforma-laboral-como-objetivo-principal","status":"publish","type":"post","link":"https:\/\/lavozpuntana.com\/?p=19784","title":{"rendered":"EL GOBIERNO CONVOC\u00d3 A SESIONES EXTRAORDINARIAS PARA FEBRERO CON LA REFORMA LABORAL COMO OBJETIVO PRINCIPAL"},"content":{"rendered":"\n<figure class=\"wp-block-image size-full\"><img loading=\"lazy\" decoding=\"async\" width=\"480\" height=\"720\" src=\"https:\/\/lavozpuntana.com\/wp-content\/uploads\/2026\/01\/720-7.webp\" alt=\"\" class=\"wp-image-19785\" srcset=\"https:\/\/lavozpuntana.com\/wp-content\/uploads\/2026\/01\/720-7.webp 480w, https:\/\/lavozpuntana.com\/wp-content\/uploads\/2026\/01\/720-7-200x300.webp 200w\" sizes=\"auto, (max-width: 480px) 100vw, 480px\" \/><\/figure>\n\n\n\n<p>El presidente&nbsp;<strong>Javier Milei<\/strong>&nbsp;firm\u00f3 el decreto que convoca a sesiones extraordinarias en la previa de su viaje a Suiza y, de esta manera, hizo oficial el llamado que ir\u00e1 del<strong>&nbsp;2 de febrero al 27 del mismo mes<\/strong>.&nbsp;<\/p>\n\n\n\n<p>La principal obsesi\u00f3n del mandatario es la Reforma Laboral que comenzar\u00e1 a tratarse el 10 de febrero en la C\u00e1mara de Senadores. Sin embargo, el temario contempla otros puntos claves para la administraci\u00f3n.&nbsp;<\/p>\n\n\n\n<p>A trav\u00e9s del decreto 24\/2026, el Ejecutivo hizo p\u00fablica la necesidad de tratar y aprobar la Ley de adecuaci\u00f3n del R\u00e9gimen de Presupuestos M\u00ednimos para la Preservaci\u00f3n de los Glaciares y del Ambiente Periglacial y la designaci\u00f3n del legislador Fernando Iglesias como embajador.&nbsp;<\/p>\n\n\n\n<p>Asimismo, como anticip\u00f3 en Asunci\u00f3n, el libertario tiene intenciones de darle un tratamiento expr\u00e9s al proyecto de Ley por el que se aprueba el Acuerdo de Libre Comercio entre el Mercosur y la Uni\u00f3n Europea.&nbsp;<\/p>\n\n\n\n<p>Con los puntos claves establecidos, la mesa pol\u00edtica traza sus primeras aproximaciones para avanzar en nuevos triunfos legislativos luego de la aprobaci\u00f3n del Presupuesto 2026 y la Ley de Inocencia fiscal.<\/p>\n","protected":false},"excerpt":{"rendered":"<p>El presidente&nbsp;Javier Milei&nbsp;firm\u00f3 el decreto que convoca a sesiones extraordinarias en la previa de su<\/p>\n","protected":false},"author":4,"featured_media":19785,"comment_status":"closed","ping_status":"closed","sticky":false,"template":"","format":"standard","meta":{"footnotes":""},"categories":[5],"tags":[],"class_list":["post-19784","post","type-post","status-publish","format-standard","has-post-thumbnail","hentry","category-el-pais"],"_links":{"self":[{"href":"https:\/\/lavozpuntana.com\/index.php?rest_route=\/wp\/v2\/posts\/19784","targetHints":{"allow":["GET"]}}],"collection":[{"href":"https:\/\/lavozpuntana.com\/index.php?rest_route=\/wp\/v2\/posts"}],"about":[{"href":"https:\/\/lavozpuntana.com\/index.php?rest_route=\/wp\/v2\/types\/post"}],"author":[{"embeddable":true,"href":"https:\/\/lavozpuntana.com\/index.php?rest_route=\/wp\/v2\/users\/4"}],"replies":[{"embeddable":true,"href":"https:\/\/lavozpuntana.com\/index.php?rest_route=%2Fwp%2Fv2%2Fcomments&post=19784"}],"version-history":[{"count":3,"href":"https:\/\/lavozpuntana.com\/index.php?rest_route=\/wp\/v2\/posts\/19784\/revisions"}],"predecessor-version":[{"id":21852,"href":"https:\/\/lavozpuntana.com\/index.php?rest_route=\/wp\/v2\/posts\/19784\/revisions\/21852"}],"wp:featuredmedia":[{"embeddable":true,"href":"https:\/\/lavozpuntana.com\/index.php?rest_route=\/wp\/v2\/media\/19785"}],"wp:attachment":[{"href":"https:\/\/lavozpuntana.com\/index.php?rest_route=%2Fwp%2Fv2%2Fmedia&parent=19784"}],"wp:term":[{"taxonomy":"category","embeddable":true,"href":"https:\/\/lavozpuntana.com\/index.php?rest_route=%2Fwp%2Fv2%2Fcategories&post=19784"},{"taxonomy":"post_tag","embeddable":true,"href":"https:\/\/lavozpuntana.com\/index.php?rest_route=%2Fwp%2Fv2%2Ftags&post=19784"}],"curies":[{"name":"wp","href":"https:\/\/api.w.org\/{rel}","templated":true}]}}