{"id":19825,"date":"2026-01-21T12:15:52","date_gmt":"2026-01-21T15:15:52","guid":{"rendered":"https:\/\/lavozpuntana.com\/?p=19825"},"modified":"2026-01-21T12:15:54","modified_gmt":"2026-01-21T15:15:54","slug":"el-gobierno-es-optimista-con-la-reforma-laboral-y-santilli-se-reune-este-miercoles-con-figueroa","status":"publish","type":"post","link":"https:\/\/lavozpuntana.com\/?p=19825","title":{"rendered":"EL GOBIERNO ES OPTIMISTA CON LA REFORMA LABORAL Y SANTILLI SE RE\u00daNE ESTE MI\u00c9RCOLES CON FIGUEROA"},"content":{"rendered":"\n<figure class=\"wp-block-image size-large\"><img loading=\"lazy\" decoding=\"async\" width=\"1024\" height=\"683\" src=\"https:\/\/lavozpuntana.com\/wp-content\/uploads\/2026\/01\/720-8-1024x683.webp\" alt=\"\" class=\"wp-image-19826\" srcset=\"https:\/\/lavozpuntana.com\/wp-content\/uploads\/2026\/01\/720-8-1024x683.webp 1024w, https:\/\/lavozpuntana.com\/wp-content\/uploads\/2026\/01\/720-8-300x200.webp 300w, https:\/\/lavozpuntana.com\/wp-content\/uploads\/2026\/01\/720-8-768x512.webp 768w, https:\/\/lavozpuntana.com\/wp-content\/uploads\/2026\/01\/720-8.webp 1080w\" sizes=\"auto, (max-width: 1024px) 100vw, 1024px\" \/><\/figure>\n\n\n\n<p><strong>Mientras el ministro recorre las provincias, la Casa Rosada descartan compensaciones para las jurisdicciones.<\/strong><\/p>\n\n\n\n<p>El ministro del Interior,<strong>&nbsp;Diego Santilli<\/strong>, se reunir\u00e1 este mi\u00e9rcoles con el gobernador de Neuqu\u00e9n,<strong>&nbsp;Rolando Figueroa<\/strong>, como parte de las audiencias que viene manteniendo en las provincias para conseguir apoyos para la reforma laboral, una iniciativa sobre la que el Gobierno se muestra optimista de cara a su sanci\u00f3n en las sesiones extraordinarias de febrero.<\/p>\n\n\n\n<p>En tanto, el ministro del Interior se reunir\u00e1 el jueves con el gobernador de Entre R\u00edos,&nbsp;<strong>Rogelio Frigerio<\/strong>, a quien lo une la militancia en el PRO.<\/p>\n\n\n\n<p><strong>Confianza ciega<\/strong><\/p>\n\n\n\n<p>Seg\u00fan supo la&nbsp;<strong>Agencia Noticias Argentinas<\/strong>&nbsp;de una importante fuente con acceso al despacho presidencial, en la administraci\u00f3n libertaria aseguran tener el n\u00famero necesario para aprobar el proyecto que se tratar\u00e1 del 10 al 11 de febrero.<\/p>\n\n\n\n<p>Asimismo, descartan cambios en el articulado, aunque admiten que no tendr\u00edan problemas en implementar modificaciones siempre y cuando \u201cno alteren el esp\u00edritu de la norma\u201d.<\/p>\n\n\n\n<p>\u201cNo veo por qu\u00e9 los aliados no nos acompa\u00f1ar\u00edan. Todos se benefician con la reforma laboral\u201d, expres\u00f3 una importante fuente ante la A<strong>gencia Noticias Argentinas<\/strong>.<\/p>\n\n\n\n<p>En el Gobierno destacan adem\u00e1s que ya son cuatro los gobernadores que se manifestaron dispuestos a acompa\u00f1ar, en referencia a los mandatarios&nbsp;<strong>Marcelo Orrego<\/strong>, de San Juan;&nbsp;<strong>Leandro Zdero<\/strong>, de Chaco;&nbsp;<strong>Gustavo S\u00e1enz<\/strong>, de Salta, y<strong>&nbsp;Alfredo Cornejo<\/strong>, de Mendoza.<\/p>\n\n\n\n<p>Jefe de la CGT dijo que \u201chay creciente consciencia\u201d de que la reforma laboral \u00abva a empeorar la situaci\u00f3n\u00bb<\/p>\n\n\n\n<p>En en la Casa Rosada descartan de todos modos implementar \u201ccompensaciones\u201d a los gobernadores que se muestran reticentes al articulado tributario del proyecto dise\u00f1ado por el ministro de Desregulaci\u00f3n y Transformaci\u00f3n del Estado,&nbsp;<strong>Federico Sturzenegger<\/strong>.<\/p>\n\n\n\n<p>\u201cLa compensaci\u00f3n va a surgir del crecimiento que va a generar, tanto en sus recursos propios como en la coparticipaci\u00f3n\u201d, sintetiz\u00f3 ante este medio una fuente inobjetable.<\/p>\n\n\n\n<p>El presidente&nbsp;<strong>Javier Milei&nbsp;<\/strong>convoc\u00f3 el lunes \u00faltimo a sesiones extraordinarias del Congreso entre el 2 y el 27 de febrero para tratar, entre otros temas, la reforma laboral y cambios a la ley de Glaciares, seg\u00fan se public\u00f3 hoy en el Bolet\u00edn Oficial.<\/p>\n\n\n\n<p>La convocatoria fue formalizada mediante el Decreto 24\/2026, que lleva la firma de Milei y del jefe de Gabinete, Manuel Adorni, en uso de las facultades conferidas al Poder Ejecutivo por los art\u00edculos 63 y 99, inciso 9, de la Constituci\u00f3n.&nbsp;<\/p>\n","protected":false},"excerpt":{"rendered":"<p>Mientras el ministro recorre las provincias, la Casa Rosada descartan compensaciones para las jurisdicciones. El<\/p>\n","protected":false},"author":4,"featured_media":19826,"comment_status":"closed","ping_status":"closed","sticky":false,"template":"","format":"standard","meta":{"footnotes":""},"categories":[5],"tags":[],"class_list":["post-19825","post","type-post","status-publish","format-standard","has-post-thumbnail","hentry","category-el-pais"],"_links":{"self":[{"href":"https:\/\/lavozpuntana.com\/index.php?rest_route=\/wp\/v2\/posts\/19825","targetHints":{"allow":["GET"]}}],"collection":[{"href":"https:\/\/lavozpuntana.com\/index.php?rest_route=\/wp\/v2\/posts"}],"about":[{"href":"https:\/\/lavozpuntana.com\/index.php?rest_route=\/wp\/v2\/types\/post"}],"author":[{"embeddable":true,"href":"https:\/\/lavozpuntana.com\/index.php?rest_route=\/wp\/v2\/users\/4"}],"replies":[{"embeddable":true,"href":"https:\/\/lavozpuntana.com\/index.php?rest_route=%2Fwp%2Fv2%2Fcomments&post=19825"}],"version-history":[{"count":1,"href":"https:\/\/lavozpuntana.com\/index.php?rest_route=\/wp\/v2\/posts\/19825\/revisions"}],"predecessor-version":[{"id":19827,"href":"https:\/\/lavozpuntana.com\/index.php?rest_route=\/wp\/v2\/posts\/19825\/revisions\/19827"}],"wp:featuredmedia":[{"embeddable":true,"href":"https:\/\/lavozpuntana.com\/index.php?rest_route=\/wp\/v2\/media\/19826"}],"wp:attachment":[{"href":"https:\/\/lavozpuntana.com\/index.php?rest_route=%2Fwp%2Fv2%2Fmedia&parent=19825"}],"wp:term":[{"taxonomy":"category","embeddable":true,"href":"https:\/\/lavozpuntana.com\/index.php?rest_route=%2Fwp%2Fv2%2Fcategories&post=19825"},{"taxonomy":"post_tag","embeddable":true,"href":"https:\/\/lavozpuntana.com\/index.php?rest_route=%2Fwp%2Fv2%2Ftags&post=19825"}],"curies":[{"name":"wp","href":"https:\/\/api.w.org\/{rel}","templated":true}]}}