{"id":19828,"date":"2026-01-21T12:18:05","date_gmt":"2026-01-21T15:18:05","guid":{"rendered":"https:\/\/lavozpuntana.com\/?p=19828"},"modified":"2026-01-21T12:18:07","modified_gmt":"2026-01-21T15:18:07","slug":"super-gripe-h3n2-confirmaron-la-primera-muerte-y-se-duplicaron-los-casos","status":"publish","type":"post","link":"https:\/\/lavozpuntana.com\/?p=19828","title":{"rendered":"SUPER GRIPE H3N2: CONFIRMARON LA PRIMERA MUERTE Y SE DUPLICARON LOS CASOS"},"content":{"rendered":"\n<figure class=\"wp-block-image size-large\"><img loading=\"lazy\" decoding=\"async\" width=\"1024\" height=\"682\" src=\"https:\/\/lavozpuntana.com\/wp-content\/uploads\/2026\/01\/720-9-1024x682.webp\" alt=\"\" class=\"wp-image-19829\" srcset=\"https:\/\/lavozpuntana.com\/wp-content\/uploads\/2026\/01\/720-9-1024x682.webp 1024w, https:\/\/lavozpuntana.com\/wp-content\/uploads\/2026\/01\/720-9-300x200.webp 300w, https:\/\/lavozpuntana.com\/wp-content\/uploads\/2026\/01\/720-9-768x512.webp 768w, https:\/\/lavozpuntana.com\/wp-content\/uploads\/2026\/01\/720-9.webp 1081w\" sizes=\"auto, (max-width: 1024px) 100vw, 1024px\" \/><\/figure>\n\n\n\n<p><strong>Se trata de una persona que estaba internada en la provincia de Mendoza y las autoridades confirmaron que ten\u00eda patolog\u00edas previas.<\/strong><\/p>\n\n\n\n<p>La&nbsp;<strong>primera muerte por Super Gripe H3N2 en la Argentina&nbsp;<\/strong>se registr\u00f3 en la provincia de&nbsp;<strong>Mendoza,<\/strong>&nbsp;se trata de un hombre mayor que estaba&nbsp;<strong>internado en el Hospital Carrillo&nbsp;<\/strong>y las autoridades confirmaron que ten\u00eda&nbsp;<strong>patolog\u00edas previas<\/strong>. Adem\u00e1s, un dato que genera alarma es que&nbsp;<strong>se duplicaron los casos en una semana.<\/strong><\/p>\n\n\n\n<p>El \u00faltimo Bolet\u00edn Epidemiol\u00f3gico Nacional, que abarca datos del 18\/12\/2025 al 16\/01\/2026,&nbsp;inform\u00f3 que la Administraci\u00f3n Nacional de Laboratorios e Institutos de Salud \u201cDr. Carlos Malbr\u00e1n\u201d&nbsp;logr\u00f3 confirmar&nbsp;<strong>28 casos positivos de casos de Influenza A(H3N2)<\/strong>, lo que representa un&nbsp;<strong>incremento del 100% respecto a la semana anterior.<\/strong><\/p>\n\n\n\n<p>Acerca de las provincias que ya registraron casos, se detall\u00f3 que son&nbsp;<strong>Buenos Aires, Ciudad Aut\u00f3noma de Buenos Aires, Chubut, C\u00f3rdoba, Corrientes, Entre R\u00edos, La Pampa, La Rioja, Mendoza, Neuqu\u00e9n, R\u00edo Negro, Santa Cruz, Santa Fe y Tierra del Fuego.<\/strong><\/p>\n\n\n\n<p>Un dato que no se sum\u00f3 por el momento al informe nacional es que ya se registr\u00f3 la primera muerte por Influenza. Se trata de un&nbsp;<strong>paciente, de 74 a\u00f1os, que estaba internado en grave estado en el Hospital Carrillo de Mendoza.<\/strong><\/p>\n\n\n\n<p><strong><em>\u201cSab\u00edamos que el paciente ten\u00eda una infecci\u00f3n por gripe H3N2 y que sus patolog\u00edas previas fueron lo que llev\u00f3 a que tuviera estas complicaciones y este deceso fatal\u201d<\/em><\/strong>, indic\u00f3 Beatriz Montenegro, directora del hospital, a&nbsp;<em>MDZ Radio.<\/em><\/p>\n\n\n\n<p>Frente a este escenario presentado, las autoridades nacionales dan a conocer una&nbsp;<strong>serie de recomendaciones para evitar contagios masivos.<\/strong><\/p>\n\n\n\n<ul class=\"wp-block-list\">\n<li>Mantener los\u00a0<strong>esquemas de vacunaci\u00f3n<\/strong>\u00a0contra la gripe (influenza, SARS-CoV-2, neumococo, Haemophilus influenzae tipo B, Bordetella pertussis y virus sincicial respiratorio).<\/li>\n\n\n\n<li>Realizar\u00a0<strong>lavado frecuente<\/strong>\u00a0de manos con agua y jab\u00f3n.<\/li>\n\n\n\n<li>Cubrirse\u00a0<strong>la boca y la nariz<\/strong>\u00a0con el pliegue del codo al toser o estornudar.<\/li>\n\n\n\n<li>Evitar compartir<strong>\u00a0objetos personales.<\/strong><\/li>\n\n\n\n<li><strong>Ventilar<\/strong>\u00a0los ambientes.<\/li>\n\n\n\n<li>Prestar atenci\u00f3n a los s\u00edntomas o peligros de terceras personas.<\/li>\n<\/ul>\n","protected":false},"excerpt":{"rendered":"<p>Se trata de una persona que estaba internada en la provincia de Mendoza y las<\/p>\n","protected":false},"author":4,"featured_media":19829,"comment_status":"closed","ping_status":"closed","sticky":false,"template":"","format":"standard","meta":{"footnotes":""},"categories":[5],"tags":[],"class_list":["post-19828","post","type-post","status-publish","format-standard","has-post-thumbnail","hentry","category-el-pais"],"_links":{"self":[{"href":"https:\/\/lavozpuntana.com\/index.php?rest_route=\/wp\/v2\/posts\/19828","targetHints":{"allow":["GET"]}}],"collection":[{"href":"https:\/\/lavozpuntana.com\/index.php?rest_route=\/wp\/v2\/posts"}],"about":[{"href":"https:\/\/lavozpuntana.com\/index.php?rest_route=\/wp\/v2\/types\/post"}],"author":[{"embeddable":true,"href":"https:\/\/lavozpuntana.com\/index.php?rest_route=\/wp\/v2\/users\/4"}],"replies":[{"embeddable":true,"href":"https:\/\/lavozpuntana.com\/index.php?rest_route=%2Fwp%2Fv2%2Fcomments&post=19828"}],"version-history":[{"count":1,"href":"https:\/\/lavozpuntana.com\/index.php?rest_route=\/wp\/v2\/posts\/19828\/revisions"}],"predecessor-version":[{"id":19830,"href":"https:\/\/lavozpuntana.com\/index.php?rest_route=\/wp\/v2\/posts\/19828\/revisions\/19830"}],"wp:featuredmedia":[{"embeddable":true,"href":"https:\/\/lavozpuntana.com\/index.php?rest_route=\/wp\/v2\/media\/19829"}],"wp:attachment":[{"href":"https:\/\/lavozpuntana.com\/index.php?rest_route=%2Fwp%2Fv2%2Fmedia&parent=19828"}],"wp:term":[{"taxonomy":"category","embeddable":true,"href":"https:\/\/lavozpuntana.com\/index.php?rest_route=%2Fwp%2Fv2%2Fcategories&post=19828"},{"taxonomy":"post_tag","embeddable":true,"href":"https:\/\/lavozpuntana.com\/index.php?rest_route=%2Fwp%2Fv2%2Ftags&post=19828"}],"curies":[{"name":"wp","href":"https:\/\/api.w.org\/{rel}","templated":true}]}}