{"id":19831,"date":"2026-01-21T12:21:15","date_gmt":"2026-01-21T15:21:15","guid":{"rendered":"https:\/\/lavozpuntana.com\/?p=19831"},"modified":"2026-01-21T12:21:17","modified_gmt":"2026-01-21T15:21:17","slug":"el-gobernador-se-reunio-con-autoridades-del-ministerio-de-seguridad-de-la-nacion","status":"publish","type":"post","link":"https:\/\/lavozpuntana.com\/?p=19831","title":{"rendered":"EL GOBERNADOR SE REUNI\u00d3 CON AUTORIDADES DEL MINISTERIO DE SEGURIDAD DE LA NACI\u00d3N"},"content":{"rendered":"\n<figure class=\"wp-block-image size-large\"><img loading=\"lazy\" decoding=\"async\" width=\"1024\" height=\"681\" src=\"https:\/\/lavozpuntana.com\/wp-content\/uploads\/2026\/01\/WhatsApp-Image-2026-01-20-at-21.37.45-1024x681.jpeg\" alt=\"\" class=\"wp-image-19832\" srcset=\"https:\/\/lavozpuntana.com\/wp-content\/uploads\/2026\/01\/WhatsApp-Image-2026-01-20-at-21.37.45-1024x681.jpeg 1024w, https:\/\/lavozpuntana.com\/wp-content\/uploads\/2026\/01\/WhatsApp-Image-2026-01-20-at-21.37.45-300x200.jpeg 300w, https:\/\/lavozpuntana.com\/wp-content\/uploads\/2026\/01\/WhatsApp-Image-2026-01-20-at-21.37.45-768x511.jpeg 768w, https:\/\/lavozpuntana.com\/wp-content\/uploads\/2026\/01\/WhatsApp-Image-2026-01-20-at-21.37.45-1536x1022.jpeg 1536w, https:\/\/lavozpuntana.com\/wp-content\/uploads\/2026\/01\/WhatsApp-Image-2026-01-20-at-21.37.45-2048x1362.jpeg 2048w\" sizes=\"auto, (max-width: 1024px) 100vw, 1024px\" \/><\/figure>\n\n\n\n<p><strong>El encuentro tuvo como finalidad fortalecer la cooperaci\u00f3n interjurisdiccional en materia de seguridad a trav\u00e9s de la conformaci\u00f3n de un comando conjunto entre Fuerzas Provinciales y Federales para combatir el narcotr\u00e1fico y el microtr\u00e1fico de estupefacientes.<\/strong><\/p>\n\n\n\n<p>Este martes, el gobernador Claudio Poggi recibi\u00f3 en su despacho a la ministra de Seguridad, Nancy Sosa; al secretario de Seguridad de la Naci\u00f3n, Mart\u00edn Ferluato; al secretario de Articulaci\u00f3n Federal, Mart\u00edn Matzkin y al director Nacional de Normativa y Relacionamiento, Germ\u00e1n Pugnaloni, con la finalidad de interiorizarse en las primeras l\u00edneas de abordaje que desarrollar\u00e1 el comando conjunto para llevar adelante la&nbsp;<strong>lucha contra el narcotr\u00e1fico en la provincia.<\/strong><\/p>\n\n\n\n<p>La jefa de cartera de Seguridad explic\u00f3 que el encuentro \u201cest\u00e1 enmarcado en los ejes que ha dispuesto el Gobernador, que es&nbsp;<strong>la lucha contra el narcotr\u00e1fico<\/strong>&nbsp;y puntualmente dar la institucionalidad al trabajo de coordinaci\u00f3n y cooperaci\u00f3n que venimos realizando entre los ministerios y entre las Fuerzas Federales y Provinciales con la conformaci\u00f3n del comando conjunto\u201d.&nbsp;<\/p>\n\n\n\n<p>En este sentido, asegur\u00f3 que se trata de \u201cuna mesa de trabajo que va a estar a cargo seguramente de la Fuerza Federal que tiene m\u00e1s antig\u00fcedad en la provincia, para llevar adelante las tareas investigativas, todos los procesos, y adem\u00e1s para&nbsp;<strong>compartir toda la informaci\u00f3n necesaria en materia de inteligencia vinculado con el narcotr\u00e1fico y el microtr\u00e1fico<\/strong>\u201d. Al mismo tiempo, puntualiz\u00f3 que tambi\u00e9n \u201cvamos a contar con la presencia de las autoridades de la Justicia Federal, pero tambi\u00e9n del Ministerio P\u00fablico Fiscal\u201d.<\/p>\n\n\n\n<p>Cabe destacar que el pasado 10 de enero, Sosa fue la anfitriona del&nbsp;<strong>operativo de seguridad conjunto entre las polic\u00edas de San Luis y C\u00f3rdoba, la Federal y Gendarmer\u00eda Nacional<\/strong>, que adem\u00e1s cont\u00f3 con la participaci\u00f3n de la ministra de Seguridad de la Naci\u00f3n, Alejandra Monteoliva.&nbsp;<\/p>\n","protected":false},"excerpt":{"rendered":"<p>El encuentro tuvo como finalidad fortalecer la cooperaci\u00f3n interjurisdiccional en materia de seguridad a trav\u00e9s<\/p>\n","protected":false},"author":4,"featured_media":19832,"comment_status":"closed","ping_status":"closed","sticky":false,"template":"","format":"standard","meta":{"footnotes":""},"categories":[4],"tags":[],"class_list":["post-19831","post","type-post","status-publish","format-standard","has-post-thumbnail","hentry","category-la-provincia"],"_links":{"self":[{"href":"https:\/\/lavozpuntana.com\/index.php?rest_route=\/wp\/v2\/posts\/19831","targetHints":{"allow":["GET"]}}],"collection":[{"href":"https:\/\/lavozpuntana.com\/index.php?rest_route=\/wp\/v2\/posts"}],"about":[{"href":"https:\/\/lavozpuntana.com\/index.php?rest_route=\/wp\/v2\/types\/post"}],"author":[{"embeddable":true,"href":"https:\/\/lavozpuntana.com\/index.php?rest_route=\/wp\/v2\/users\/4"}],"replies":[{"embeddable":true,"href":"https:\/\/lavozpuntana.com\/index.php?rest_route=%2Fwp%2Fv2%2Fcomments&post=19831"}],"version-history":[{"count":1,"href":"https:\/\/lavozpuntana.com\/index.php?rest_route=\/wp\/v2\/posts\/19831\/revisions"}],"predecessor-version":[{"id":19833,"href":"https:\/\/lavozpuntana.com\/index.php?rest_route=\/wp\/v2\/posts\/19831\/revisions\/19833"}],"wp:featuredmedia":[{"embeddable":true,"href":"https:\/\/lavozpuntana.com\/index.php?rest_route=\/wp\/v2\/media\/19832"}],"wp:attachment":[{"href":"https:\/\/lavozpuntana.com\/index.php?rest_route=%2Fwp%2Fv2%2Fmedia&parent=19831"}],"wp:term":[{"taxonomy":"category","embeddable":true,"href":"https:\/\/lavozpuntana.com\/index.php?rest_route=%2Fwp%2Fv2%2Fcategories&post=19831"},{"taxonomy":"post_tag","embeddable":true,"href":"https:\/\/lavozpuntana.com\/index.php?rest_route=%2Fwp%2Fv2%2Ftags&post=19831"}],"curies":[{"name":"wp","href":"https:\/\/api.w.org\/{rel}","templated":true}]}}