{"id":2004,"date":"2021-03-24T12:58:54","date_gmt":"2021-03-24T15:58:54","guid":{"rendered":"http:\/\/lavozpuntana.com\/?p=2004"},"modified":"2021-03-24T12:58:56","modified_gmt":"2021-03-24T15:58:56","slug":"formosa-y-el-24-de-marzo-discursos-contrapuestos-y-privatizacion-ideologica","status":"publish","type":"post","link":"https:\/\/lavozpuntana.com\/?p=2004","title":{"rendered":"Formosa y el 24 de marzo: discursos contrapuestos y privatizaci\u00f3n ideol\u00f3gica"},"content":{"rendered":"\n<h4 class=\"wp-block-heading\">Un d\u00eda de la verdad y la memoria cargado de represi\u00f3n y violaci\u00f3n de los Derechos Humanos<\/h4>\n\n\n\n<figure class=\"wp-block-image size-large\"><img decoding=\"async\" src=\"https:\/\/lavozpuntana.com\/wp-content\/uploads\/2021\/03\/dia-de-la-memoria.jpg\" alt=\"\" class=\"wp-image-2005\"\/><\/figure>\n\n\n\n<p><em>Por Her\u00e1clito G\u00f3mez<\/em><\/p>\n\n\n\n<p><strong>\u00bfQu\u00e9 se conmemora el 24 de marzo?<\/strong> La respuesta, o respuestas podr\u00edan ser muchas, dependiendo de d\u00f3nde decida posicionarse cada uno, por si existe alguna certeza, es que la conmemoraci\u00f3n de este d\u00eda tiene marcados tintes pol\u00edticos.<\/p>\n\n\n\n<p><strong>Para algunos, los que se identifican m\u00e1s con las posiciones progresistas, no es ni m\u00e1s ni menos que la \u201cromantizaci\u00f3n\u201d de la violencia de la d\u00e9cada del 70<\/strong>\u2019, en d\u00f3nde, por una especie de artilugio discursivo, pareciera ser que esa violencia pol\u00edtica, aunque deleznable, solo vino de parte del Estado. Entonces, se conmemora, o mejor dicho, se denuncia, que el estado no intervenga con pol\u00edticas genocidas contra su poblaci\u00f3n.<\/p>\n\n\n\n<figure class=\"wp-block-image size-large is-resized\"><img loading=\"lazy\" decoding=\"async\" src=\"https:\/\/lavozpuntana.com\/wp-content\/uploads\/2021\/03\/dia-de-la-memoria-1.jpg\" alt=\"\" class=\"wp-image-2006\" width=\"611\" height=\"815\"\/><\/figure>\n\n\n\n<p><strong>Dem\u00e1s est\u00e1 decir, que estas posiciones parecen \u201colvidar\u201d, casi como una m\u00e1xima Nietzcheana, que la violencia pol\u00edtica no fue s\u00f3lo de los militares, sino tambi\u00e9n de la sociedad civil, y concretamente, de organizaciones pol\u00edticas que intentaron subvertir el orden constitucional<\/strong>. Con gobiernos incapaces de detener la locura de una violencia que traspasaba toda la sociedad, la respuesta fue golpear los cuarteles, y que otros hicieran el trabajo que la pol\u00edtica no pod\u00eda encarar.<\/p>\n\n\n\n<p>No pretendo defender el accionar de los militares ni mucho menos, sino sencillamente tratar de trazar algunos paralelos. <strong>El \u201cnunca m\u00e1s\u201d tuvo su raz\u00f3n de ser en que el Estado no fuera quien violar\u00e1 los derechos humanos, aunque se ocult\u00f3 que la violencia no parti\u00f3 inicialmente del estado<\/strong>. Pero dejando de lado esto, el planteo de fondo no es errado: ning\u00fan estado deber\u00eda accionar violentamente contra sus ciudadanos, si estos se encuentran en el marco de la ley.<\/p>\n\n\n\n<figure class=\"wp-block-image size-large is-resized\"><img loading=\"lazy\" decoding=\"async\" src=\"https:\/\/lavozpuntana.com\/wp-content\/uploads\/2021\/03\/dia-de-la-memoria-2.png\" alt=\"\" class=\"wp-image-2007\" width=\"579\" height=\"784\"\/><\/figure>\n\n\n\n<p><strong>Es decir, una cosa es protestar contra algo injusto, y otra muy distinta tomar las armas bajo artificios ideol\u00f3gicos para buscar la ca\u00edda de un gobierno s\u00f3lo porque creemos que es el camino a la justicia social.<\/strong> Son dos cuestiones radicalmente diferentes, en una el estado debe garantizar que el pueblo manifieste su disconformidad, y en otra \u201creprimir\u201d (que no quiere decir asesinar) la subversi\u00f3n del orden legal que todos tratamos de respetar.<\/p>\n\n\n\n<p><strong>Este 24 de marzo es distinto<\/strong>, mientras los organismos de Derechos Humanos que crecieron al calor de la dictadura fueron durante a\u00f1os un marco de referencia internacional para luchar contra las injusticias del estado contra sus ciudadanos, hoy pareciera que han variado su rol, y <strong>se han posicionado m\u00e1s bien como una especie de \u201cDerechos Humanos Partidarios\u201d.<\/strong><\/p>\n\n\n\n<p>Concretamente, los organismos que representan estos derechos hoy se encuentran encolumnados en un partido o movimiento pol\u00edtico, y pareciera que s\u00f3lo esos derechos, o los de aquellos cuyas acciones fueron hace 45 a\u00f1os, merecen ser reivindicadas. Mientras tanto, <strong>se guarda el mayor de los silencios respecto a los derechos humanos actuales: el mejor ejemplo; Formosa.<\/strong><\/p>\n\n\n\n<figure class=\"wp-block-image size-large is-resized\"><img loading=\"lazy\" decoding=\"async\" src=\"https:\/\/lavozpuntana.com\/wp-content\/uploads\/2021\/03\/dia-de-la-memoria-3.jpg\" alt=\"\" class=\"wp-image-2008\" width=\"579\" height=\"385\"\/><\/figure>\n\n\n\n<p><strong>Estamos en un 24 de marzo en donde, mientras un sector saldr\u00e1 la calle a reivindicar la lucha armada, en Clorinda, Formosa, el gobierno manda a reprimir a ciudadanos que protestan por no estar de acuerdo con una medida,<\/strong> la de volver a una cuarentena que ya a estas alturas es inconstitucional. Y eso no es todo, durante estos meses se han conocido muchas violaciones a los derechos humanos en esa provincia, como la encarcelaci\u00f3n de personas sin causa, la desaparici\u00f3n por horas de detenidos, el ingreso a viviendas durante la noche para confinar personas, y mujeres que huyen al monte para poder parir.<\/p>\n\n\n\n<p><strong>Las ONG de los DD.HH. brillan por su ausencia, y s\u00f3lo est\u00e1n preocupadas en el acto de reivindicaci\u00f3n de la violencia pol\u00edtica de los 70\u00b4. El \u201cnunca m\u00e1s\u201d fue la apropiaci\u00f3n y la privatizaci\u00f3n del sentido de los derechos humanos que han hecho estas organizaciones, por eso no importa lo de Formosa<\/strong>, porque algo que debiera ser la defensa de la vida en todas las circunstancias se ha vuelto algo privado, perteneciente a un sector pol\u00edtico, y vedado al resto de los seres humanos que habitamos este pa\u00eds.<\/p>\n\n\n\n<figure class=\"wp-block-image size-large\"><img decoding=\"async\" src=\"http:\/\/lavozpuntana.com\/wp-content\/uploads\/2021\/01\/Tapa-Insfran.jpeg\" alt=\"\" class=\"wp-image-351\"\/><\/figure>\n\n\n\n<p><strong>Creo fundamentalmente en una rep\u00fablica, y en instituciones tanto p\u00fablicas como civiles, pero si est\u00e1s se privatizan y su sentido empieza a ser tendencioso pierden totalmente su raz\u00f3n de ser.<\/strong> Lo de Formosa ha puesto en jaque a estos grupos, y ha demostrado su verdadera naturaleza. Nunca fue el inter\u00e9s de estos grupos la lucha por la libertad ni los derechos, sino la ideologizaci\u00f3n de lucha revolucionaria, posicionando como v\u00edctimas a quienes, por sus ideales se les \u201cperdona\u201d el haber asesinado a civiles, militares, ni\u00f1os, polic\u00edas, y hasta curas que no estaban de acuerdo con la \u201ccausa\u201d.<\/p>\n\n\n\n<p>Insisto, esto no quiere decir que uno avale la acci\u00f3n militar, pero de ah\u00ed a romantizar el asesinato son dos cosas diferentes. <strong>La violencia de la dictadura nunca va a ser avalada por quienes queremos una rep\u00fablica democr\u00e1tica, pero tampoco puede avalarse la privatizaci\u00f3n de los derechos, y \u201cfestejar\u201d la memoria y la verdad, cuando en una provincia miles de compatriotas sufren la tiran\u00eda de pol\u00edticos dispuestos a cualquier cosa para mantener su poder feudal.<\/strong><\/p>\n","protected":false},"excerpt":{"rendered":"<p>Un d\u00eda de la verdad y la memoria cargado de represi\u00f3n y violaci\u00f3n de los<\/p>\n","protected":false},"author":4,"featured_media":0,"comment_status":"closed","ping_status":"closed","sticky":false,"template":"","format":"standard","meta":{"footnotes":""},"categories":[20],"tags":[837,137,836,838,266],"class_list":["post-2004","post","type-post","status-publish","format-standard","hentry","category-tu-voz","tag-24demarzo","tag-derechoshumanos","tag-diadelamemoria","tag-dictaduramilitar","tag-formosa"],"_links":{"self":[{"href":"https:\/\/lavozpuntana.com\/index.php?rest_route=\/wp\/v2\/posts\/2004","targetHints":{"allow":["GET"]}}],"collection":[{"href":"https:\/\/lavozpuntana.com\/index.php?rest_route=\/wp\/v2\/posts"}],"about":[{"href":"https:\/\/lavozpuntana.com\/index.php?rest_route=\/wp\/v2\/types\/post"}],"author":[{"embeddable":true,"href":"https:\/\/lavozpuntana.com\/index.php?rest_route=\/wp\/v2\/users\/4"}],"replies":[{"embeddable":true,"href":"https:\/\/lavozpuntana.com\/index.php?rest_route=%2Fwp%2Fv2%2Fcomments&post=2004"}],"version-history":[{"count":1,"href":"https:\/\/lavozpuntana.com\/index.php?rest_route=\/wp\/v2\/posts\/2004\/revisions"}],"predecessor-version":[{"id":2009,"href":"https:\/\/lavozpuntana.com\/index.php?rest_route=\/wp\/v2\/posts\/2004\/revisions\/2009"}],"wp:attachment":[{"href":"https:\/\/lavozpuntana.com\/index.php?rest_route=%2Fwp%2Fv2%2Fmedia&parent=2004"}],"wp:term":[{"taxonomy":"category","embeddable":true,"href":"https:\/\/lavozpuntana.com\/index.php?rest_route=%2Fwp%2Fv2%2Fcategories&post=2004"},{"taxonomy":"post_tag","embeddable":true,"href":"https:\/\/lavozpuntana.com\/index.php?rest_route=%2Fwp%2Fv2%2Ftags&post=2004"}],"curies":[{"name":"wp","href":"https:\/\/api.w.org\/{rel}","templated":true}]}}