{"id":2046,"date":"2021-03-29T14:26:36","date_gmt":"2021-03-29T17:26:36","guid":{"rendered":"http:\/\/lavozpuntana.com\/?p=2046"},"modified":"2021-03-29T14:26:38","modified_gmt":"2021-03-29T17:26:38","slug":"entrevistamos-a-hector-diaz-vega-el-diputado-que-busca-reactivar-el-sur-provincial","status":"publish","type":"post","link":"https:\/\/lavozpuntana.com\/?p=2046","title":{"rendered":"Entrevistamos a H\u00e9ctor D\u00edaz Vega, el Diputado que busca reactivar el Sur provincial"},"content":{"rendered":"\n<h2 class=\"wp-block-heading\" style=\"font-size:24px\">El\u00a0 Diputado provincial convers\u00f3 con La Voz Puntana sobre dos proyectos en los que trabaja: la concesi\u00f3n del Frigor\u00edfico de Uni\u00f3n y la reactivaci\u00f3n de un ramal estrat\u00e9gico del ferrocarril Sarmiento.\u00a0<\/h2>\n\n\n\n<figure class=\"wp-block-image size-large\"><img decoding=\"async\" src=\"https:\/\/lavozpuntana.com\/wp-content\/uploads\/2021\/03\/diaz-vega-1024x768.jpg\" alt=\"\" class=\"wp-image-2047\"\/><\/figure>\n\n\n\n<p>La semana pasada el frigor\u00edfico situado en Uni\u00f3n sali\u00f3 a concurso para que las empresas interesadas puedan usar las instalaciones. Cuando el proyecto se origin\u00f3 diez a\u00f1os atr\u00e1s la construcci\u00f3n del complejo ganadero fue toda una noticia para el Departamento Dupuy. Sin embargo, desde 2015 el frigor\u00edfico se encuentra en desuso.&nbsp;<\/p>\n\n\n\n<p>A continuaci\u00f3n, el Diputado D\u00edaz Vega relata su experiencia acompa\u00f1ando el proyecto:<\/p>\n\n\n\n<p><strong>&#8211; Me gustar\u00eda que me cuentes c\u00f3mo surge la idea de llevar a concurso la concesi\u00f3n del frigor\u00edfico.&nbsp;<\/strong><\/p>\n\n\n\n<p>&#8211; <em>Es una idea que surge all\u00e1 por el a\u00f1o 2011, porque en la zona de Uni\u00f3n y el sur provincial est\u00e1 concentrado un alt\u00edsimo porcentaje del ganado bovino de la provincia. En el Departamento Dupuy, el m\u00e1s amplio de San Luis, prevalecen actividades como la ganader\u00eda, la agricultura, la producci\u00f3n de miel y algunas otras econom\u00edas regionales.&nbsp;<\/em><\/p>\n\n\n\n<p><em>Ah\u00ed surge la idea de un frigor\u00edfico en principio regional y fuimos a hablar con el Ministro de Producci\u00f3n de ese momento. Le propusimos hacer una obra de gran magnitud en la localidad de Uni\u00f3n, gracias al municipio que donaba las tierras para que se avance con el proyecto.&nbsp;<\/em><\/p>\n\n\n\n<p><em>El Ministro observ\u00f3 que una gran cantidad de hacienda gorda sal\u00eda del departamento hac\u00eda frigor\u00edficos y mercados de otras provincias. Entonces decidi\u00f3 que el proyecto deb\u00eda tener alcance nacional: un frigor\u00edfico de tr\u00e1nsito federal, tal como el que se construy\u00f3.&nbsp;<\/em><\/p>\n\n\n\n<p><em>En 2014 se termin\u00f3 de construir el frigor\u00edfico de Uni\u00f3n, aunque solo cuenta con habilitaci\u00f3n provincial ahora. El edificio tiene una superficie de 1000 metros cubiertos y 600 semicubiertos, con una capacidad de faena para 120 bovinos y 80 porcinos.&nbsp;<\/em><\/p>\n\n\n\n<p><strong>-\u00bfC\u00f3mo fue su participaci\u00f3n en el proyecto?<\/strong><\/p>\n\n\n\n<p><em>&#8211; <\/em>Yo he impulsado el proyecto en la C\u00e1mara de Diputados de la provincia y m\u00e1s en esta situaci\u00f3n de pandemia donde se resintieron las econom\u00edas regionales. <em>Nosotros hicimos el seguimiento de la obra.&nbsp;<\/em><\/p>\n\n\n\n<p><em>Al poco tiempo fue cedido a una licenciataria de C\u00f3rdoba llamada Livorno, que empez\u00f3 a tramitar en SENASA la habilitaci\u00f3n para lograr el tr\u00e1nsito federal. Para esta firma hubieron dificultades en los requisitos que SENASA le ped\u00eda: necesitaba obras ampliatorias para tratar los efluentes. Ni la firma ni la provincia quisieron hacer esa inversi\u00f3n inicial.<\/em><\/p>\n\n\n\n<p><em>&nbsp;&nbsp;Desde ah\u00ed hemos propuesto alternativas, como el uso local de las instalaciones.&nbsp;<\/em><\/p>\n\n\n\n<p><strong><em>-\u00bfCon qu\u00e9 mercados podr\u00eda trabajar el frigor\u00edfico?<\/em><\/strong><\/p>\n\n\n\n<p><em>-Hay un mercado importante al sur de Mendoza y existe la posibilidad de comerciar con todas las provincias del pa\u00eds. \u00bfQu\u00e9 es lo que sucede actualmente a los productores de carne de San Luis? Tienen compradores de gordos o frigor\u00edficos de otras provincias, que le dan valor agregado al faenarlo y luego lo consumimos nosotros. La idea ahora es hacer el ciclo completo en Uni\u00f3n.&nbsp;<\/em><\/p>\n\n\n\n<p><strong>&#8211; \u00bfEntonces se contemplar\u00eda que los peque\u00f1os productores puedan llevar sus gordos a este frigor\u00edfico?<\/strong><\/p>\n\n\n\n<p><em>-Si, totalmente. Tiene un matiz inclusivo. Normalmente los engordadores vienen a buscar una jaula como m\u00ednimo -35 animales-, pero en el sur hay muchos productores que engordan algunos animales pero no alcanzan a llenar la jaula. Entonces se abre la posibilidad de que estos peque\u00f1os productores puedan vender de manera directa al frigor\u00edfico sin tener que llevarlos a una subasta p\u00fablica, donde el productor s\u00f3lo puede defender un precio que no pone.\u00a0<\/em><\/p>\n\n\n\n<figure class=\"wp-block-image size-large\"><img decoding=\"async\" src=\"https:\/\/lavozpuntana.com\/wp-content\/uploads\/2021\/03\/unnamed.jpg\" alt=\"\" class=\"wp-image-2049\"\/><figcaption>Cr\u00e9ditos: El Semi\u00e1rido. <\/figcaption><\/figure>\n\n\n\n<p><strong>&#8211; Bien, lo interrumpo para preguntarle: \u00bfC\u00f3mo est\u00e1 la situaci\u00f3n laboral en el sur provincial?<\/strong><\/p>\n\n\n\n<p><em>-Las actividades desarrolladas en esta regi\u00f3n se vieron menos afectadas que otras, por haber sido declaradas esenciales. Por eso no se perdieron tantos empleos. Pero si necesita reactivarse porque todas las econom\u00edas est\u00e1n resentidas a causa de la pandemia.&nbsp;<\/em><\/p>\n\n\n\n<p><em>Impulsamos diferentes alternativas para que el frigor\u00edfico funcione: el complejo necesita de manera directa 35 a 40 empleados para poder funcionar, que ser\u00edan m\u00e1s en caso que se ampl\u00ede. Estamos necesitando reactivar nuestra econom\u00eda regional, que en el Departamento Dupuy depende exclusivamente de la ganader\u00eda, la agricultura, la apicultura y los recursos forestales. Un frigor\u00edfico ah\u00ed motorizar\u00eda toda la econom\u00eda regional, generando empleo genuino de manera directa e indirecta.&nbsp;<\/em><\/p>\n\n\n\n<p>Nuestro entrevistado revel\u00f3 que su mayor anhelo es que el establecimiento pueda trabajar y comerciar a todos puntos del pa\u00eds. Es que la obra se enmarca en un proyecto de magnitud internacional: D\u00edaz Vega actualmente impulsa la reactivaci\u00f3n de un ramal del ferrocarril Sarmiento, que forma parte del Corredor Bioce\u00e1nico.&nbsp;<\/p>\n\n\n\n<p>Para el Diputado las posibilidades que se abren con este proyecto son innumerables.El plan permitir\u00eda unir 5 pa\u00edses: Chile, Argentina, Uruguay, Paraguay y Brasil. Por fortuna el proyecto fue aprobado y cuentan con el 80% del financiamiento de parte de grupos inversores chinos.&nbsp;<\/p>\n\n\n\n<p>\u00a0As\u00ed opin\u00f3 al respecto del proyecto: \u201dEstamos intentando reactivar este ramal, que tendr\u00eda salida a Chile: as\u00ed los precios log\u00edsticos bajar\u00edan much\u00edsimo\u00a0 y podr\u00edan motorizarse de nuevo todas las econom\u00edas regionales por las que pasa el ferrocarril\u201d.\u00a0<\/p>\n","protected":false},"excerpt":{"rendered":"<p>El\u00a0 Diputado provincial convers\u00f3 con La Voz Puntana sobre dos proyectos en los que trabaja:<\/p>\n","protected":false},"author":5,"featured_media":0,"comment_status":"closed","ping_status":"closed","sticky":false,"template":"","format":"standard","meta":{"footnotes":""},"categories":[4,20],"tags":[876,879,877,141,878,845],"class_list":["post-2046","post","type-post","status-publish","format-standard","hentry","category-la-provincia","category-tu-voz","tag-frigorificounion","tag-ganaderia","tag-hectordiaz","tag-sanluis","tag-senasa","tag-ucr"],"_links":{"self":[{"href":"https:\/\/lavozpuntana.com\/index.php?rest_route=\/wp\/v2\/posts\/2046","targetHints":{"allow":["GET"]}}],"collection":[{"href":"https:\/\/lavozpuntana.com\/index.php?rest_route=\/wp\/v2\/posts"}],"about":[{"href":"https:\/\/lavozpuntana.com\/index.php?rest_route=\/wp\/v2\/types\/post"}],"author":[{"embeddable":true,"href":"https:\/\/lavozpuntana.com\/index.php?rest_route=\/wp\/v2\/users\/5"}],"replies":[{"embeddable":true,"href":"https:\/\/lavozpuntana.com\/index.php?rest_route=%2Fwp%2Fv2%2Fcomments&post=2046"}],"version-history":[{"count":1,"href":"https:\/\/lavozpuntana.com\/index.php?rest_route=\/wp\/v2\/posts\/2046\/revisions"}],"predecessor-version":[{"id":2051,"href":"https:\/\/lavozpuntana.com\/index.php?rest_route=\/wp\/v2\/posts\/2046\/revisions\/2051"}],"wp:attachment":[{"href":"https:\/\/lavozpuntana.com\/index.php?rest_route=%2Fwp%2Fv2%2Fmedia&parent=2046"}],"wp:term":[{"taxonomy":"category","embeddable":true,"href":"https:\/\/lavozpuntana.com\/index.php?rest_route=%2Fwp%2Fv2%2Fcategories&post=2046"},{"taxonomy":"post_tag","embeddable":true,"href":"https:\/\/lavozpuntana.com\/index.php?rest_route=%2Fwp%2Fv2%2Ftags&post=2046"}],"curies":[{"name":"wp","href":"https:\/\/api.w.org\/{rel}","templated":true}]}}