{"id":2098,"date":"2021-04-01T13:38:49","date_gmt":"2021-04-01T16:38:49","guid":{"rendered":"http:\/\/lavozpuntana.com\/?p=2098"},"modified":"2021-04-01T21:06:57","modified_gmt":"2021-04-02T00:06:57","slug":"inauguracion-del-nuevo-hospital-ramon-carrillo","status":"publish","type":"post","link":"https:\/\/lavozpuntana.com\/?p=2098","title":{"rendered":"INAUGURACI\u00d3N DEL NUEVO HOSPITAL RAM\u00d3N CARRILLO."},"content":{"rendered":"\n<figure class=\"wp-block-image size-large\"><img loading=\"lazy\" decoding=\"async\" width=\"1024\" height=\"683\" src=\"http:\/\/lavozpuntana.com\/wp-content\/uploads\/2021\/04\/arsa-1024x683.jpg\" alt=\"\" class=\"wp-image-2102\" srcset=\"https:\/\/lavozpuntana.com\/wp-content\/uploads\/2021\/04\/arsa-1024x683.jpg 1024w, https:\/\/lavozpuntana.com\/wp-content\/uploads\/2021\/04\/arsa-300x200.jpg 300w, https:\/\/lavozpuntana.com\/wp-content\/uploads\/2021\/04\/arsa-768x512.jpg 768w, https:\/\/lavozpuntana.com\/wp-content\/uploads\/2021\/04\/arsa.jpg 1200w\" sizes=\"auto, (max-width: 1024px) 100vw, 1024px\" \/><figcaption>Alberto Rodr\u00edguez Sa\u00e1 &#8211; Apertura de sesiones legislativas &#8211; ANSL <\/figcaption><\/figure>\n\n\n\n<p style=\"font-size:20px\">Hace minutos, el gobernador de la Provincia de San Luis, Alberto Rodr\u00edguez Sa\u00e1, en su discurso de apertura de las sesiones ordinarias, del per\u00edodo legislativo XXXIV,  de la provincia de San Luis, <strong>confirm\u00f3 la inauguraci\u00f3n de la obra civil del Hospital Ramon Carrillo, la cual se realizar\u00e1 el d\u00eda 9 de abril a las 12:00<\/strong>, con a presencia del presidente de la Naci\u00f3n. <\/p>\n\n\n\n<figure class=\"wp-block-image size-large\"><img loading=\"lazy\" decoding=\"async\" width=\"1024\" height=\"683\" src=\"http:\/\/lavozpuntana.com\/wp-content\/uploads\/2021\/04\/2a-1024x683.jpg\" alt=\"\" class=\"wp-image-2103\" srcset=\"https:\/\/lavozpuntana.com\/wp-content\/uploads\/2021\/04\/2a-1024x683.jpg 1024w, https:\/\/lavozpuntana.com\/wp-content\/uploads\/2021\/04\/2a-300x200.jpg 300w, https:\/\/lavozpuntana.com\/wp-content\/uploads\/2021\/04\/2a-768x512.jpg 768w, https:\/\/lavozpuntana.com\/wp-content\/uploads\/2021\/04\/2a.jpg 1200w\" sizes=\"auto, (max-width: 1024px) 100vw, 1024px\" \/><figcaption>Ministra de Salud, Silvia Sosa Araujo y gabinete. ANSL<\/figcaption><\/figure>\n\n\n\n<p style=\"font-size:20px\">Tambi\u00e9n el gobernador, hizo referencia a la la apertura de dicho Hospital, que ser\u00e1 de manera paulatina, se ir\u00e1n inaugurando los diferentes servicios en un plazo estimativo de uno a dos a\u00f1os, comenzando con las \u00e1reas de cuidados cr\u00edticos. <strong>Por otro lado,  el Gobernador destac\u00f3 y agradeci\u00f3, el esfuerzo, dedicaci\u00f3n y entrega\u00a0que realizaron los diferentes actores que componen el sistema de salud<\/strong>, el cual lidera la Ministra de Salud, Silvia Sosa Araujo. <\/p>\n\n\n\n<p> <\/p>\n\n\n\n<p><\/p>\n\n\n\n<p><\/p>\n","protected":false},"excerpt":{"rendered":"<p>Hace minutos, el gobernador de la Provincia de San Luis, Alberto Rodr\u00edguez Sa\u00e1, en su<\/p>\n","protected":false},"author":4,"featured_media":2101,"comment_status":"closed","ping_status":"closed","sticky":false,"template":"","format":"standard","meta":{"footnotes":""},"categories":[4],"tags":[906,907],"class_list":["post-2098","post","type-post","status-publish","format-standard","has-post-thumbnail","hentry","category-la-provincia","tag-hospitalramoncarrillo","tag-inauguracion"],"_links":{"self":[{"href":"https:\/\/lavozpuntana.com\/index.php?rest_route=\/wp\/v2\/posts\/2098","targetHints":{"allow":["GET"]}}],"collection":[{"href":"https:\/\/lavozpuntana.com\/index.php?rest_route=\/wp\/v2\/posts"}],"about":[{"href":"https:\/\/lavozpuntana.com\/index.php?rest_route=\/wp\/v2\/types\/post"}],"author":[{"embeddable":true,"href":"https:\/\/lavozpuntana.com\/index.php?rest_route=\/wp\/v2\/users\/4"}],"replies":[{"embeddable":true,"href":"https:\/\/lavozpuntana.com\/index.php?rest_route=%2Fwp%2Fv2%2Fcomments&post=2098"}],"version-history":[{"count":4,"href":"https:\/\/lavozpuntana.com\/index.php?rest_route=\/wp\/v2\/posts\/2098\/revisions"}],"predecessor-version":[{"id":2117,"href":"https:\/\/lavozpuntana.com\/index.php?rest_route=\/wp\/v2\/posts\/2098\/revisions\/2117"}],"wp:featuredmedia":[{"embeddable":true,"href":"https:\/\/lavozpuntana.com\/index.php?rest_route=\/wp\/v2\/media\/2101"}],"wp:attachment":[{"href":"https:\/\/lavozpuntana.com\/index.php?rest_route=%2Fwp%2Fv2%2Fmedia&parent=2098"}],"wp:term":[{"taxonomy":"category","embeddable":true,"href":"https:\/\/lavozpuntana.com\/index.php?rest_route=%2Fwp%2Fv2%2Fcategories&post=2098"},{"taxonomy":"post_tag","embeddable":true,"href":"https:\/\/lavozpuntana.com\/index.php?rest_route=%2Fwp%2Fv2%2Ftags&post=2098"}],"curies":[{"name":"wp","href":"https:\/\/api.w.org\/{rel}","templated":true}]}}