{"id":2108,"date":"2021-04-01T14:44:54","date_gmt":"2021-04-01T17:44:54","guid":{"rendered":"http:\/\/lavozpuntana.com\/?p=2108"},"modified":"2021-04-01T14:44:56","modified_gmt":"2021-04-01T17:44:56","slug":"34-asamblea-legislativa-resumen-de-novedades-para-la-provincia","status":"publish","type":"post","link":"https:\/\/lavozpuntana.com\/?p=2108","title":{"rendered":"34\u00b0 Asamblea Legislativa: resumen de novedades para la provincia"},"content":{"rendered":"\n<h2 class=\"wp-block-heading\" style=\"font-size:24px\">En estos momentos tiene lugar en el Palacio Legislativo la apertura de las sesiones ordinarias en la provincia. Algunas de las novedades para San Luis ya fueron comunicadas en el Encuentro Bicameral. <\/h2>\n\n\n\n<figure class=\"wp-block-image size-large is-resized\"><img loading=\"lazy\" decoding=\"async\" src=\"https:\/\/lavozpuntana.com\/wp-content\/uploads\/2021\/04\/ansl-asamblea-legislativa.jpg\" alt=\"\" class=\"wp-image-2111\" width=\"587\" height=\"391\" srcset=\"https:\/\/lavozpuntana.com\/wp-content\/uploads\/2021\/04\/ansl-asamblea-legislativa.jpg 512w, https:\/\/lavozpuntana.com\/wp-content\/uploads\/2021\/04\/ansl-asamblea-legislativa-300x200.jpg 300w\" sizes=\"auto, (max-width: 587px) 100vw, 587px\" \/><figcaption>El encuentro se desarrolla sin presencia period\u00edstica, salvo ANSL. Cr\u00e9ditos: ANSL. <\/figcaption><\/figure>\n\n\n\n<p>La XXXIV Asamblea Legislativa provincial ha debido adaptarse a los tiempos que corren: a causa de la pandemia se limit\u00f3 la cantidad de p\u00fablico presente. Todos los asistentes cuentan con PCR negativo y los periodistas quedaron en las afueras del Palacio Legislativo. <\/p>\n\n\n\n<p>Del encuentro forman parte 70 personas: all\u00ed se incluyen todos los legisladores nacionales, el Ministro del Superior Tribunal de Justicia y del Poder Ejecutivo, Tribunal de Cuentas, el obispo de San Luis, autoridades nacionales residentes en la provincia y representantes de las Fuerzas Armadas y policiales. <\/p>\n\n\n\n<p>La jornada inici\u00f3 con el tradicional mensaje anual de Rodr\u00edguez Sa\u00e1. Luego se dio paso a comunicar lo que se viene a la provincia, entre ellas: <\/p>\n\n\n\n<p class=\"has-text-align-center\"><strong>La provincia comienza a producir Cannabis Medicinal<\/strong><\/p>\n\n\n\n<p>El gobernador detall\u00f3: \u201cCon la adhesi\u00f3n a la Ley Nacional 27.350, de \u2018Uso medicinal de la planta de cannabis y sus derivados\u2019, la provincia concretar\u00e1 el cultivo, producci\u00f3n, industrializaci\u00f3n y comercializaci\u00f3n de cannabis y sus derivados con fines medicinales y terap\u00e9uticos, en todas sus variedades\u201d.  La producci\u00f3n se har\u00e1 en estricto cumplimiento de las normas y protocolos que regulan a la sustancia. <\/p>\n\n\n\n<p class=\"has-text-align-center\"><strong>Creaci\u00f3n de la cadena de Hoteles<\/strong><\/p>\n\n\n\n<p>La importancia del turismo en San Luis fue destacada por el gobernador: genera el 5% del empleo privado y permite la entrada de dinero a comerciantes de todo el territorio. El objetivo ser\u00e1 incrementar en un 15% la cantidad de turistas y aumentar la estad\u00eda de los mismos, para llevar dicha tasa al 6%, generando m\u00e1s puestas de trabajo para el sector.<\/p>\n\n\n\n<p>Para la pr\u00f3xima temporada estival, San Luis sumar\u00e1 al Hotel Potrero de los Funes y a La Huertita; el Hotel la Recova, la Hoster\u00eda Villa de la Quebrada y el hist\u00f3rico Albergue de la Villa de Merlo.  En este sentido, Rodr\u00edguez Sa\u00e1 explic\u00f3: \u201cDe esta manera, se consolidar\u00e1 una red de alojamientos provinciales, con instalaciones modernas y de calidad\u201d.<\/p>\n\n\n\n<p class=\"has-text-align-center\"><strong>Se anunci\u00f3 la creaci\u00f3n de 28 escuelas en la provincia<\/strong><\/p>\n\n\n\n<p>El objetivo es contener el crecimiento poblacional reciente, para brindar a los j\u00f3venes educaci\u00f3n de calidad.  20 de ellas se dise\u00f1ar\u00e1n para uso m\u00faltiple: se podr\u00e1n practicar deportes, actividades culturales, recreativas y sociales.<\/p>\n\n\n\n<p>Asimismo, el plan\u00a0contempla refaccionar 30 establecimientos educativos ubicados en distintas localidades. Tambi\u00e9n crear\u00e1n 4 centros de desarrollo infantil destinados a ni\u00f1os de 45 d\u00edas a 4 a\u00f1os. <\/p>\n\n\n\n<p>La Universidad Provincial de Oficios sumar\u00e1 6 sedes nuevas: Santa Rosa del Conlara, Potrero de los Funes, Luj\u00e1n, Candelaria, Tilisarao y Buena Esperanza. Cada sede tendr\u00e1 una nave multidisciplinaria, con extensiones \u00e1ulicas. Ser\u00e1n edificios multiuso para la realizaci\u00f3n de actividades sociales, culturales, deportivas y administrativas.<\/p>\n\n\n\n<p class=\"has-text-align-center\"><strong>Crear\u00e1n un Centro Integral para Consumos Problem\u00e1ticos<\/strong><\/p>\n\n\n\n<p>El mismo estar\u00e1 pivotado por el Hospital de Salud Mental y tendr\u00e1 sede en La Toma, en una obra de $140 millones. <\/p>\n\n\n\n<p>En relaci\u00f3n a las adicciones, el mandatario provincial sostuvo: \u201cEl abordaje de los consumos problem\u00e1ticos representa uno de los mayores desaf\u00edos para la sociedad. Comemos mal, tomamos mal, el flagelo de la droga es un consumo problem\u00e1tico. Bulimia, anorexia, alcoholismo y drogadicci\u00f3n, en cada caso, la enfermedad afecta no s\u00f3lo a la persona que lo padece, sino a todo su grupo familiar, grupo social y amigos\u201d.<\/p>\n\n\n\n<p>\u201cAsumimos en plenitud esta agenda para comenzar un camino de soluciones efectivas. Todo el sistema de Salud se involucrar\u00e1 en esto\u00bb, agreg\u00f3. Aunque el Centro de Desintoxicaci\u00f3n ser\u00e1 en La Toma, tambi\u00e9n habr\u00e1n instalaciones en  San Luis, Villa Mercedes, Buena Esperanza y Quines. <\/p>\n","protected":false},"excerpt":{"rendered":"<p>En estos momentos tiene lugar en el Palacio Legislativo la apertura de las sesiones ordinarias<\/p>\n","protected":false},"author":5,"featured_media":2111,"comment_status":"closed","ping_status":"closed","sticky":false,"template":"","format":"standard","meta":{"footnotes":""},"categories":[4],"tags":[914,913,915,916,912,911],"class_list":["post-2108","post","type-post","status-publish","format-standard","has-post-thumbnail","hentry","category-la-provincia","tag-cadenadehotelessanluis","tag-cannabismedicinal","tag-consumosproblematicos","tag-escuelas","tag-politica","tag-xxxivasamblealegislativa"],"_links":{"self":[{"href":"https:\/\/lavozpuntana.com\/index.php?rest_route=\/wp\/v2\/posts\/2108","targetHints":{"allow":["GET"]}}],"collection":[{"href":"https:\/\/lavozpuntana.com\/index.php?rest_route=\/wp\/v2\/posts"}],"about":[{"href":"https:\/\/lavozpuntana.com\/index.php?rest_route=\/wp\/v2\/types\/post"}],"author":[{"embeddable":true,"href":"https:\/\/lavozpuntana.com\/index.php?rest_route=\/wp\/v2\/users\/5"}],"replies":[{"embeddable":true,"href":"https:\/\/lavozpuntana.com\/index.php?rest_route=%2Fwp%2Fv2%2Fcomments&post=2108"}],"version-history":[{"count":2,"href":"https:\/\/lavozpuntana.com\/index.php?rest_route=\/wp\/v2\/posts\/2108\/revisions"}],"predecessor-version":[{"id":2112,"href":"https:\/\/lavozpuntana.com\/index.php?rest_route=\/wp\/v2\/posts\/2108\/revisions\/2112"}],"wp:featuredmedia":[{"embeddable":true,"href":"https:\/\/lavozpuntana.com\/index.php?rest_route=\/wp\/v2\/media\/2111"}],"wp:attachment":[{"href":"https:\/\/lavozpuntana.com\/index.php?rest_route=%2Fwp%2Fv2%2Fmedia&parent=2108"}],"wp:term":[{"taxonomy":"category","embeddable":true,"href":"https:\/\/lavozpuntana.com\/index.php?rest_route=%2Fwp%2Fv2%2Fcategories&post=2108"},{"taxonomy":"post_tag","embeddable":true,"href":"https:\/\/lavozpuntana.com\/index.php?rest_route=%2Fwp%2Fv2%2Ftags&post=2108"}],"curies":[{"name":"wp","href":"https:\/\/api.w.org\/{rel}","templated":true}]}}