{"id":2148,"date":"2021-04-03T11:32:37","date_gmt":"2021-04-03T14:32:37","guid":{"rendered":"http:\/\/lavozpuntana.com\/?p=2148"},"modified":"2021-04-03T11:32:39","modified_gmt":"2021-04-03T14:32:39","slug":"vacunas-encierro-y-relato-la-cuarta-revolucion-industrial-esta-en-marcha","status":"publish","type":"post","link":"https:\/\/lavozpuntana.com\/?p=2148","title":{"rendered":"Vacunas, encierro y relato. \u00bfLa \u201ccuarta revoluci\u00f3n industrial est\u00e1 en marcha?"},"content":{"rendered":"\n<h4 class=\"wp-block-heading\">Una peque\u00f1a reflexi\u00f3n en torno al positivo de Covid-19 de Alberto Fern\u00e1ndez luego de aplicarse las dos dosis y las consecuencias para nuestro futuro inmediato<\/h4>\n\n\n\n<figure class=\"wp-block-image size-large\"><img loading=\"lazy\" decoding=\"async\" width=\"1024\" height=\"535\" src=\"https:\/\/lavozpuntana.com\/wp-content\/uploads\/2021\/04\/distopico-3.jpg\" alt=\"\" class=\"wp-image-2149\" srcset=\"https:\/\/lavozpuntana.com\/wp-content\/uploads\/2021\/04\/distopico-3.jpg 1024w, https:\/\/lavozpuntana.com\/wp-content\/uploads\/2021\/04\/distopico-3-300x157.jpg 300w, https:\/\/lavozpuntana.com\/wp-content\/uploads\/2021\/04\/distopico-3-768x401.jpg 768w\" sizes=\"auto, (max-width: 1024px) 100vw, 1024px\" \/><\/figure>\n\n\n\n<p><em>Por Her\u00e1clito G\u00f3mez<\/em><\/p>\n\n\n\n<p><strong>Que el presidente de la naci\u00f3n haya dado positivo al coronavirus no es un dato menor<\/strong>, ni una an\u00e9cdota, sobre todo despu\u00e9s de haberse aplicado las dos dosis de la tan promocionada vacuna rusa. No es intenci\u00f3n aqu\u00ed criticar la vacuna en s\u00ed misma, pero si reflexionar sobre algunas cuestiones que son fundamentales para el futuro.<\/p>\n\n\n\n<p>Primero que nada, el relato. Hace meses hemos asistido a la \u00e9pica de los \u201cvuelos de la vida\u201d que tra\u00edan las vacunas salvadoras desde Mosc\u00fa, como si fuera el preludio de la derrota de la humanidad frente a un virus, que casi nada tiene de diferente con otros virus de la misma familia. <strong>Podr\u00e1 ser mas contagioso, pero en t\u00e9rminos de letalidad es igual de bajo<\/strong>. Para estos datos pueden consultarse los informes sobre virus respiratorios del Ministerio de Salud de la Naci\u00f3n, de la Organizaci\u00f3n Mundial de la Salud, o simplemente material epidemiol\u00f3gico escrito sobre series hist\u00f3ricas de enfermedades respiratorias.<\/p>\n\n\n\n<p>No obstante, <strong>hace un a\u00f1o que el mundo viene pregonando la peor pandemia de la humanidad, incluso uno podr\u00eda pensar que hasta peor que la \u201cpeste negra\u201d<\/strong> que asol\u00f3 a la edad media y parte de la edad moderna. El coronavirus, se nos present\u00f3 como la peste posmoderna que iba a acabar con la humanidad. Y ciertamente lo est\u00e1 haciendo, pero no por efecto de la enfermedad, sino de las decisiones de los gobiernos del mundo.<\/p>\n\n\n\n<figure class=\"wp-block-image size-large\"><img loading=\"lazy\" decoding=\"async\" width=\"800\" height=\"531\" src=\"https:\/\/lavozpuntana.com\/wp-content\/uploads\/2021\/04\/distopico.png\" alt=\"\" class=\"wp-image-2150\" srcset=\"https:\/\/lavozpuntana.com\/wp-content\/uploads\/2021\/04\/distopico.png 800w, https:\/\/lavozpuntana.com\/wp-content\/uploads\/2021\/04\/distopico-300x199.png 300w, https:\/\/lavozpuntana.com\/wp-content\/uploads\/2021\/04\/distopico-768x510.png 768w\" sizes=\"auto, (max-width: 800px) 100vw, 800px\" \/><\/figure>\n\n\n\n<p>Despu\u00e9s de un a\u00f1o, o mejor dicho, en un a\u00f1o, han producido un cambio fenomenal en las formas de trabajo y producci\u00f3n, algo asimilable a una <strong>\u201ccuarta revoluci\u00f3n industrial\u201d<\/strong>, donde el trabajo empez\u00f3 a reorganizarse de manera virtual, en cada hogar, alterando radicalmente los ritmos y tiempos de trabajo y de las familias.<\/p>\n\n\n\n<p><strong>La posmodernidad, con su virus, ha trastocado las relaciones sociales, incluso las ha convertido en sospechosas<\/strong>. Abrazar es peligroso, besar es peligroso, amar es peligroso. Todo lleva a un virus, cuyo efecto sobre la humanidad es cuasi inofensivo.<\/p>\n\n\n\n<p><strong>Tambi\u00e9n nos han encerrado en nuestras propias fronteras<\/strong>. Viajar es otro peligro, no s\u00f3lo porque quiz\u00e1s no sea f\u00e1cil regresar, sino porque uno queda al arbitrio de las autoridades sanitarias del pa\u00eds de destino. Es decir, se han destruido, en un a\u00f1o, todas las certezas que guiaban nuestra vida cotidiana antes de marzo de 2020.<\/p>\n\n\n\n<p><strong>Pero el problema es m\u00e1s grave a\u00fan, si se contagio el presidente, y la vacuna no evita contagiarse entonces \u00bfQu\u00e9 queda para el futuro? \u00bfCu\u00e1ndo termina la pandemia?<\/strong> Claramente no cuando la poblaci\u00f3n este vacunada, porque no la detiene, entonces es aqu\u00ed donde aparece la alerta. <strong>\u00bfVan a seguir los gobiernos encerrando a su poblaci\u00f3n, mermando sus derechos ante una enfermedad con la que indefectiblemente vamos a tener que convivir?<\/strong><\/p>\n\n\n\n<figure class=\"wp-block-image size-large\"><img loading=\"lazy\" decoding=\"async\" width=\"1000\" height=\"771\" src=\"https:\/\/lavozpuntana.com\/wp-content\/uploads\/2021\/04\/distopico-4.jpg\" alt=\"\" class=\"wp-image-2151\" srcset=\"https:\/\/lavozpuntana.com\/wp-content\/uploads\/2021\/04\/distopico-4.jpg 1000w, https:\/\/lavozpuntana.com\/wp-content\/uploads\/2021\/04\/distopico-4-300x231.jpg 300w, https:\/\/lavozpuntana.com\/wp-content\/uploads\/2021\/04\/distopico-4-768x592.jpg 768w\" sizes=\"auto, (max-width: 1000px) 100vw, 1000px\" \/><\/figure>\n\n\n\n<p>Creo que esta \u00faltima pregunta es el n\u00facleo de la cuesti\u00f3n. Y volviendo al inicio de esta reflexi\u00f3n, el coronavirus no es ni m\u00e1s ni menos que una nueva enfermedad, no muy distinta que otras que ya conocemos, y contra las cuales tenemos cierta inmunidad. Seguir con encierros, con la generaci\u00f3n de miedos y paranoia ya s\u00f3lo tiene un \u00fanico sentido, y es <strong>seguir acumulando poder para generar los cambios en nuestra vida cotidiana que pareciera necesitar esta \u201ccuarta revoluci\u00f3n industrial\u201d en marcha.<\/strong><\/p>\n\n\n\n<p>Quedar\u00e1 ya en los ciudadanos del mundo empezar a reflexionar si vamos a seguir permitiendo que acoten los derechos conquistados en la modernidad, y si esta posmodernidad, cargada de post verdad donde todo vale, termina imponiendo su l\u00f3gica, sus reglas y una nueva forma de habitar el mundo, en donde la libertad no va a ser el valor fundamental. Y si no es la libertad el valor fundamental \u00bfCu\u00e1l ser\u00e1?, \u00bfla conectividad? \u00bfEl acceso a la informaci\u00f3n? Todos intangibles, pero lo cierto es que<strong> el ser humano posmoderno se encuentra en una disyuntiva: superar la propia fragmentaci\u00f3n identitaria que nos han impuesto, o condenarnos a una vida de esclavos virtuales al servicio de los estados y las corporaciones<\/strong>.<\/p>\n","protected":false},"excerpt":{"rendered":"<p>Una peque\u00f1a reflexi\u00f3n en torno al positivo de Covid-19 de Alberto Fern\u00e1ndez luego de aplicarse<\/p>\n","protected":false},"author":4,"featured_media":2151,"comment_status":"closed","ping_status":"closed","sticky":false,"template":"","format":"standard","meta":{"footnotes":""},"categories":[20],"tags":[16,115,927,382],"class_list":["post-2148","post","type-post","status-publish","format-standard","has-post-thumbnail","hentry","category-tu-voz","tag-albertofernandez","tag-covid19","tag-mundodistopico","tag-vacunas"],"_links":{"self":[{"href":"https:\/\/lavozpuntana.com\/index.php?rest_route=\/wp\/v2\/posts\/2148","targetHints":{"allow":["GET"]}}],"collection":[{"href":"https:\/\/lavozpuntana.com\/index.php?rest_route=\/wp\/v2\/posts"}],"about":[{"href":"https:\/\/lavozpuntana.com\/index.php?rest_route=\/wp\/v2\/types\/post"}],"author":[{"embeddable":true,"href":"https:\/\/lavozpuntana.com\/index.php?rest_route=\/wp\/v2\/users\/4"}],"replies":[{"embeddable":true,"href":"https:\/\/lavozpuntana.com\/index.php?rest_route=%2Fwp%2Fv2%2Fcomments&post=2148"}],"version-history":[{"count":1,"href":"https:\/\/lavozpuntana.com\/index.php?rest_route=\/wp\/v2\/posts\/2148\/revisions"}],"predecessor-version":[{"id":2152,"href":"https:\/\/lavozpuntana.com\/index.php?rest_route=\/wp\/v2\/posts\/2148\/revisions\/2152"}],"wp:featuredmedia":[{"embeddable":true,"href":"https:\/\/lavozpuntana.com\/index.php?rest_route=\/wp\/v2\/media\/2151"}],"wp:attachment":[{"href":"https:\/\/lavozpuntana.com\/index.php?rest_route=%2Fwp%2Fv2%2Fmedia&parent=2148"}],"wp:term":[{"taxonomy":"category","embeddable":true,"href":"https:\/\/lavozpuntana.com\/index.php?rest_route=%2Fwp%2Fv2%2Fcategories&post=2148"},{"taxonomy":"post_tag","embeddable":true,"href":"https:\/\/lavozpuntana.com\/index.php?rest_route=%2Fwp%2Fv2%2Ftags&post=2148"}],"curies":[{"name":"wp","href":"https:\/\/api.w.org\/{rel}","templated":true}]}}