{"id":2153,"date":"2021-04-03T13:51:45","date_gmt":"2021-04-03T16:51:45","guid":{"rendered":"http:\/\/lavozpuntana.com\/?p=2153"},"modified":"2021-04-03T13:51:46","modified_gmt":"2021-04-03T16:51:46","slug":"dia-mundial-del-autismo-entrevistamos-a-una-ong-de-san-luis","status":"publish","type":"post","link":"https:\/\/lavozpuntana.com\/?p=2153","title":{"rendered":"D\u00cdA MUNDIAL DEL AUTISMO &#8211; ENTREVISTAMOS A UNA  ONG DE SAN LUIS."},"content":{"rendered":"\n<figure class=\"wp-block-image size-large\"><img loading=\"lazy\" decoding=\"async\" width=\"774\" height=\"1024\" src=\"http:\/\/lavozpuntana.com\/wp-content\/uploads\/2021\/04\/cartelhablemosdeautismo-774x1024.jpg\" alt=\"\" class=\"wp-image-2154\" srcset=\"https:\/\/lavozpuntana.com\/wp-content\/uploads\/2021\/04\/cartelhablemosdeautismo-774x1024.jpg 774w, https:\/\/lavozpuntana.com\/wp-content\/uploads\/2021\/04\/cartelhablemosdeautismo-227x300.jpg 227w, https:\/\/lavozpuntana.com\/wp-content\/uploads\/2021\/04\/cartelhablemosdeautismo-768x1016.jpg 768w, https:\/\/lavozpuntana.com\/wp-content\/uploads\/2021\/04\/cartelhablemosdeautismo-1161x1536.jpg 1161w, https:\/\/lavozpuntana.com\/wp-content\/uploads\/2021\/04\/cartelhablemosdeautismo.jpg 1512w\" sizes=\"auto, (max-width: 774px) 100vw, 774px\" \/><figcaption>Foto: Asoc. de Autismo San Luis<\/figcaption><\/figure>\n\n\n\n<p style=\"font-size:20px\"><strong>El 2 de abril se conmemora el d\u00eda mundial de concientizaci\u00f3n del autismo, por eso desde la redacci\u00f3n entrevistamos a Ada Ortega, presidenta de la Asociaci\u00f3n de Autismo San Lu\u00eds.<\/strong><\/p>\n\n\n\n<p style=\"font-size:20px\"><strong>Redacci\u00f3n:<\/strong>  \u00bfC\u00f3mo nace este proyecto de crear una Organizaci\u00f3n no gubernamental, para promover los derechos de los chicos con Autismo ?<\/p>\n\n\n\n<p style=\"font-size:20px\"><strong>Ada:<\/strong> <strong>Nuestra Asociaci\u00f3n surgi\u00f3 por la necesidad de ser escuchados, con un grupo de mam\u00e1s hicimos una p\u00e1gina y desde all\u00ed difundimos informaci\u00f3n<\/strong>,<strong> pedimos por los derechos de nuestros hijos, y logramos la aprobaci\u00f3n de la ley de Autismo en San Luis.<\/strong> Recuerdo que un d\u00eda, a nuestra p\u00e1gina, se conect\u00f3 una mam\u00e1 pidiendo ayuda, porque su hijo era maltratado por la direcci\u00f3n de la escuela, cuando llam\u00e9 para intervenir, lejos de pedir disculpas, la directora de la escuela me pregunt\u00f3: \u00bfy vos qui\u00e9n sos?&#8230;. eso fue el detonante, y con mucho esfuerzo generamos la Asociaci\u00f3n. <\/p>\n\n\n\n<figure class=\"wp-block-image size-large\"><img loading=\"lazy\" decoding=\"async\" width=\"960\" height=\"640\" src=\"http:\/\/lavozpuntana.com\/wp-content\/uploads\/2021\/04\/167079164_1312560175796335_1877681222130588005_n.jpg\" alt=\"\" class=\"wp-image-2158\" srcset=\"https:\/\/lavozpuntana.com\/wp-content\/uploads\/2021\/04\/167079164_1312560175796335_1877681222130588005_n.jpg 960w, https:\/\/lavozpuntana.com\/wp-content\/uploads\/2021\/04\/167079164_1312560175796335_1877681222130588005_n-300x200.jpg 300w, https:\/\/lavozpuntana.com\/wp-content\/uploads\/2021\/04\/167079164_1312560175796335_1877681222130588005_n-768x512.jpg 768w\" sizes=\"auto, (max-width: 960px) 100vw, 960px\" \/><figcaption>Foto: Asoc. de Autismo San Luis<\/figcaption><\/figure>\n\n\n\n<p style=\"font-size:20px\"><strong>Redacci\u00f3n:<\/strong> \u00bfCu\u00e1les son las actividades que viene realizando? \u00bfQue tiene pensando para este mes del autismo? <\/p>\n\n\n\n<p style=\"font-size:20px\"><strong>Ada:<\/strong>  Desde entonces hemos logrado var\u00edas ordenanzas en pos del bienestar de las familias dentro del espectro autista <strong>(ordenanza de Pirotecnia cero Sonora, ordenanza de pictogramas, ordenanza de capacitaci\u00f3n del personal de tr\u00e1nsito, media sanci\u00f3n a la ley de Pirotecnia Cero Sonora<\/strong>), Declaraci\u00f3n de Inter\u00e9s Municipal y de instituir el color Azul como s\u00edmbolo del Autismo, y el D\u00eda 2 de abril como D\u00eda Municipal del Autismo.<br>Para \u00e9ste mes <strong>hemos lanzado la campa\u00f1a HABLEMOS DE AUTISMO, EMPIEZO YO, que consiste en un ejercicio de espejo en d\u00f3nde la comunidad hablar\u00e1 de AUTISMO<\/strong>, ser\u00e1 durante todo el mes de Abril desde el lugar que ocupa cada uno en la comunidad. Hemos dialogado con el presidente de la C\u00e1mara de Comercio para establecer el Comercio Amigable y que desde los comercios difundir informaci\u00f3n de Autismo y las se\u00f1ales de detecci\u00f3n precoz, tambi\u00e9n la posibilidad de un convenio tripartito con la Universidad Nacional de San Luis y el Concejo Deliberante para que se realicen las pr\u00e1cticas pre profesionales de las carreras (Psicomotricidad, Kinesiolog\u00eda, Fonoaudiolog\u00eda, Educaci\u00f3n Especial) en las familias dentro de la Asociaci\u00f3n. <\/p>\n\n\n\n<figure class=\"wp-block-image size-large\"><img loading=\"lazy\" decoding=\"async\" width=\"693\" height=\"671\" src=\"http:\/\/lavozpuntana.com\/wp-content\/uploads\/2021\/04\/168604644_1314388432280176_3989875104125028015_n.jpg\" alt=\"\" class=\"wp-image-2157\" srcset=\"https:\/\/lavozpuntana.com\/wp-content\/uploads\/2021\/04\/168604644_1314388432280176_3989875104125028015_n.jpg 693w, https:\/\/lavozpuntana.com\/wp-content\/uploads\/2021\/04\/168604644_1314388432280176_3989875104125028015_n-300x290.jpg 300w\" sizes=\"auto, (max-width: 693px) 100vw, 693px\" \/><figcaption>Foto: Asoc. de Autismo San Luis<\/figcaption><\/figure>\n\n\n\n<p style=\"font-size:20px\"><strong>Redacci\u00f3n:<\/strong>  \u00bfQue proyectos tienen a futuro?<\/p>\n\n\n\n<p style=\"font-size:20px\"><strong>Ada:<\/strong> <strong>El anhelo m\u00e1s grande es lograr la reglamentaci\u00f3n de la ley provincial de autismo y su cumplimiento<\/strong>, ya que al d\u00eda de la fecha no se cumple.<\/p>\n\n\n\n<p style=\"font-size:20px\"><strong>Redacci\u00f3n: <\/strong>\u00a1\u00bfEn el \u00e1mbito de la salud , los chicos reciben en San Luis, los tratamientos necesarios?.<br><strong>Ada:<\/strong> Lamentablemente nuestros hijos no reciben el tratamiento adecuado, <strong>en todos los \u00e1mbitos hay carencia de capacitaci\u00f3n id\u00f3nea, desconocimiento, desinformaci\u00f3n<\/strong>, no existe cobertura del estado, no hay neur\u00f3logo pedi\u00e1trico p\u00fablico, cuesta mucho acceder a tratamientos y terapias, no hay espacios l\u00fadicos o de esparcimiento para que nuestros hijos se desarrollen.<\/p>\n\n\n\n<p style=\"font-size:20px\"><strong>Redacci\u00f3n:<\/strong> \u00bfQu\u00e9 significa para ustedes este d\u00eda?<br><strong>Ada:<\/strong> <strong>\u00c9ste d\u00eda significa la posibilidad de volver a renovar las esperanzas de obtener la visibilizaci\u00f3n de nuestros hijos y el tratamiento adecuado para ellos y su desarrollo<\/strong>. Aspiramos a que exista una Sede en cada localidad de la provincia,  para que todos tengan respuesta, queremos saber cu\u00e1ntos son los casos detectados en la provincia, saber cu\u00e1ntos somos. <strong>Generar espacios d\u00f3nde nuestros hijos puedan ser independientes y poder tener una independencia laboral, econ\u00f3mica y social. <\/strong><\/p>\n","protected":false},"excerpt":{"rendered":"<p>El 2 de abril se conmemora el d\u00eda mundial de concientizaci\u00f3n del autismo, por eso<\/p>\n","protected":false},"author":4,"featured_media":2156,"comment_status":"closed","ping_status":"closed","sticky":false,"template":"","format":"standard","meta":{"footnotes":""},"categories":[4],"tags":[929,932,931,928],"class_list":["post-2153","post","type-post","status-publish","format-standard","has-post-thumbnail","hentry","category-la-provincia","tag-autismo","tag-hablemosdeautismo","tag-inclusion-2","tag-tea"],"_links":{"self":[{"href":"https:\/\/lavozpuntana.com\/index.php?rest_route=\/wp\/v2\/posts\/2153","targetHints":{"allow":["GET"]}}],"collection":[{"href":"https:\/\/lavozpuntana.com\/index.php?rest_route=\/wp\/v2\/posts"}],"about":[{"href":"https:\/\/lavozpuntana.com\/index.php?rest_route=\/wp\/v2\/types\/post"}],"author":[{"embeddable":true,"href":"https:\/\/lavozpuntana.com\/index.php?rest_route=\/wp\/v2\/users\/4"}],"replies":[{"embeddable":true,"href":"https:\/\/lavozpuntana.com\/index.php?rest_route=%2Fwp%2Fv2%2Fcomments&post=2153"}],"version-history":[{"count":1,"href":"https:\/\/lavozpuntana.com\/index.php?rest_route=\/wp\/v2\/posts\/2153\/revisions"}],"predecessor-version":[{"id":2159,"href":"https:\/\/lavozpuntana.com\/index.php?rest_route=\/wp\/v2\/posts\/2153\/revisions\/2159"}],"wp:featuredmedia":[{"embeddable":true,"href":"https:\/\/lavozpuntana.com\/index.php?rest_route=\/wp\/v2\/media\/2156"}],"wp:attachment":[{"href":"https:\/\/lavozpuntana.com\/index.php?rest_route=%2Fwp%2Fv2%2Fmedia&parent=2153"}],"wp:term":[{"taxonomy":"category","embeddable":true,"href":"https:\/\/lavozpuntana.com\/index.php?rest_route=%2Fwp%2Fv2%2Fcategories&post=2153"},{"taxonomy":"post_tag","embeddable":true,"href":"https:\/\/lavozpuntana.com\/index.php?rest_route=%2Fwp%2Fv2%2Ftags&post=2153"}],"curies":[{"name":"wp","href":"https:\/\/api.w.org\/{rel}","templated":true}]}}