{"id":2170,"date":"2021-04-05T12:13:48","date_gmt":"2021-04-05T15:13:48","guid":{"rendered":"http:\/\/lavozpuntana.com\/?p=2170"},"modified":"2021-04-05T12:13:49","modified_gmt":"2021-04-05T15:13:49","slug":"caso-bebo-ochoa-una-muerte-cruel-envuelta-en-misterio","status":"publish","type":"post","link":"https:\/\/lavozpuntana.com\/?p=2170","title":{"rendered":"Caso \u00abBebo\u00bb Ochoa: una muerte cruel envuelta en misterio"},"content":{"rendered":"\n<h2 class=\"wp-block-heading\" style=\"font-size:24px\">El trabajador rural fue encontrado sin vida el viernes por la tarde, en una construcci\u00f3n situada en \u00abLa Ca\u00f1ada\u00bb. El cuerpo registraba signos de tortura. <\/h2>\n\n\n\n<figure class=\"wp-block-image size-large\"><img loading=\"lazy\" decoding=\"async\" width=\"1024\" height=\"574\" src=\"https:\/\/lavozpuntana.com\/wp-content\/uploads\/2021\/04\/bebo-ochoa-1-1024x574.jpg\" alt=\"\" class=\"wp-image-2171\" srcset=\"https:\/\/lavozpuntana.com\/wp-content\/uploads\/2021\/04\/bebo-ochoa-1-1024x574.jpg 1024w, https:\/\/lavozpuntana.com\/wp-content\/uploads\/2021\/04\/bebo-ochoa-1-300x168.jpg 300w, https:\/\/lavozpuntana.com\/wp-content\/uploads\/2021\/04\/bebo-ochoa-1-768x430.jpg 768w, https:\/\/lavozpuntana.com\/wp-content\/uploads\/2021\/04\/bebo-ochoa-1.jpg 1280w\" sizes=\"auto, (max-width: 1024px) 100vw, 1024px\" \/><figcaption>Cr\u00e9ditos: El Corredor Noticias. <\/figcaption><\/figure>\n\n\n\n<p>Triste final para Alejandro \u00abBebo\u00bb Ochoa: tras ser secuestrado por dos sujetos fue encontrado sin vida seis d\u00edas despu\u00e9s. El cuerpo fue hallado en la zona de \u00abLa Ca\u00f1ada\u00bb, aleda\u00f1a a la ruta provincial N\u00b01. <\/p>\n\n\n\n<p>El cad\u00e1ver fue reconocido por Fernando, hermano de la v\u00edctima. La autopsia preliminar qued\u00f3 a cargo del doctor Gustavo Lafourcade. En el informe m\u00e9dico se asegura que Ochoa <strong>\u00abestaba en estado de descomposici\u00f3n, que hab\u00eda sido mutilado, que ten\u00eda una mordaza de tela ce\u00f1ida a la boca anudada por detr\u00e1s y otra en el cuello. En \u00e9ste \u00faltimo, observ\u00f3 una herida cortante que compromete totalmente la tr\u00e1quea y grandes vasos sangu\u00edneos\u00bb.<\/strong> Alejandro presentaba lesiones en el rostro, zona dorsal, t\u00f3rax, abdomen, extremidades superiores e inferiores. <\/p>\n\n\n\n<p>Luego de practicar la autopsia en Villa Mercedes el cuerpo fue devuelto ayer a sus familiares, quienes lo velar\u00e1n hoy en el Sal\u00f3n Municipal de Cortaderas. Desde el municipio decretaron 3 d\u00edas de duelo en un pueblo consternado ante la perdida de uno de sus vecinos.<\/p>\n\n\n\n<figure class=\"wp-block-image size-large\"><img loading=\"lazy\" decoding=\"async\" width=\"621\" height=\"451\" src=\"https:\/\/lavozpuntana.com\/wp-content\/uploads\/2021\/04\/maps-ochoa.jpg\" alt=\"\" class=\"wp-image-2172\" srcset=\"https:\/\/lavozpuntana.com\/wp-content\/uploads\/2021\/04\/maps-ochoa.jpg 621w, https:\/\/lavozpuntana.com\/wp-content\/uploads\/2021\/04\/maps-ochoa-300x218.jpg 300w\" sizes=\"auto, (max-width: 621px) 100vw, 621px\" \/><figcaption>El cuerpo fue hallado en la direcci\u00f3n se\u00f1alada por el testigo principal. <\/figcaption><\/figure>\n\n\n\n<p>La pol\u00e9mica surgi\u00f3 cuando <strong>participantes del rastrillaje aseveraron que la zona hab\u00eda sido registrada al menos dos veces. <\/strong>Ochoa fue encontrado debajo de un \u00e1rbol al lado de una obra. Sin embargo, en el quincho que se encontraba en frente hab\u00eda rastros de sangre. <\/p>\n\n\n\n<p>El cad\u00e1ver ten\u00eda al menos 5 d\u00edas en ese estado, y resulta extra\u00f1o que no haya sido encontrado previamente en ese lugar. En consecuencia, la jueza Patricia Besso intentar\u00e1 averiguar si hubo movimiento de alba\u00f1iles en la obra sede del crudo hallazgo. <\/p>\n\n\n\n<p>En cuanto a la causa, se cambi\u00f3 la car\u00e1tula delictiva a <strong>\u00abprivaci\u00f3n ileg\u00edtima de la libertad seguida de muerte\u201d<\/strong>. En la vivienda rural de Ochoa, de donde fue sustra\u00eddo, encontraron plantas de marihuana. Al consultarle si el hallazgo podr\u00eda abrir l\u00edneas de investigaci\u00f3n la jueza afirm\u00f3 que no descartar\u00e1n investigar en ese sentido. <\/p>\n\n\n\n<p><\/p>\n","protected":false},"excerpt":{"rendered":"<p>El trabajador rural fue encontrado sin vida el viernes por la tarde, en una construcci\u00f3n<\/p>\n","protected":false},"author":5,"featured_media":2172,"comment_status":"closed","ping_status":"closed","sticky":false,"template":"","format":"standard","meta":{"footnotes":""},"categories":[4],"tags":[896,897,99,926,842],"class_list":["post-2170","post","type-post","status-publish","format-standard","has-post-thumbnail","hentry","category-la-provincia","tag-beboochoa","tag-casobeboochoa","tag-cortaderas","tag-patriciabesso","tag-secuestro"],"_links":{"self":[{"href":"https:\/\/lavozpuntana.com\/index.php?rest_route=\/wp\/v2\/posts\/2170","targetHints":{"allow":["GET"]}}],"collection":[{"href":"https:\/\/lavozpuntana.com\/index.php?rest_route=\/wp\/v2\/posts"}],"about":[{"href":"https:\/\/lavozpuntana.com\/index.php?rest_route=\/wp\/v2\/types\/post"}],"author":[{"embeddable":true,"href":"https:\/\/lavozpuntana.com\/index.php?rest_route=\/wp\/v2\/users\/5"}],"replies":[{"embeddable":true,"href":"https:\/\/lavozpuntana.com\/index.php?rest_route=%2Fwp%2Fv2%2Fcomments&post=2170"}],"version-history":[{"count":1,"href":"https:\/\/lavozpuntana.com\/index.php?rest_route=\/wp\/v2\/posts\/2170\/revisions"}],"predecessor-version":[{"id":2173,"href":"https:\/\/lavozpuntana.com\/index.php?rest_route=\/wp\/v2\/posts\/2170\/revisions\/2173"}],"wp:featuredmedia":[{"embeddable":true,"href":"https:\/\/lavozpuntana.com\/index.php?rest_route=\/wp\/v2\/media\/2172"}],"wp:attachment":[{"href":"https:\/\/lavozpuntana.com\/index.php?rest_route=%2Fwp%2Fv2%2Fmedia&parent=2170"}],"wp:term":[{"taxonomy":"category","embeddable":true,"href":"https:\/\/lavozpuntana.com\/index.php?rest_route=%2Fwp%2Fv2%2Fcategories&post=2170"},{"taxonomy":"post_tag","embeddable":true,"href":"https:\/\/lavozpuntana.com\/index.php?rest_route=%2Fwp%2Fv2%2Ftags&post=2170"}],"curies":[{"name":"wp","href":"https:\/\/api.w.org\/{rel}","templated":true}]}}