{"id":22132,"date":"2026-04-27T08:49:41","date_gmt":"2026-04-27T11:49:41","guid":{"rendered":"https:\/\/lavozpuntana.com\/?p=22132"},"modified":"2026-04-27T08:49:42","modified_gmt":"2026-04-27T11:49:42","slug":"el-gobernador-encabezo-una-nueva-entrega-de-escrituras-en-casa-de-gobierno","status":"publish","type":"post","link":"https:\/\/lavozpuntana.com\/?p=22132","title":{"rendered":"EL GOBERNADOR ENCABEZ\u00d3 UNA NUEVA ENTREGA DE ESCRITURAS EN CASA DE GOBIERNO"},"content":{"rendered":"\n<figure class=\"wp-block-image size-large\"><img loading=\"lazy\" decoding=\"async\" width=\"1024\" height=\"681\" src=\"https:\/\/lavozpuntana.com\/wp-content\/uploads\/2026\/04\/WhatsApp-Image-2026-04-25-at-12.38.39-1024x681.jpeg\" alt=\"\" class=\"wp-image-22133\" srcset=\"https:\/\/lavozpuntana.com\/wp-content\/uploads\/2026\/04\/WhatsApp-Image-2026-04-25-at-12.38.39-1024x681.jpeg 1024w, https:\/\/lavozpuntana.com\/wp-content\/uploads\/2026\/04\/WhatsApp-Image-2026-04-25-at-12.38.39-300x200.jpeg 300w, https:\/\/lavozpuntana.com\/wp-content\/uploads\/2026\/04\/WhatsApp-Image-2026-04-25-at-12.38.39-768x511.jpeg 768w, https:\/\/lavozpuntana.com\/wp-content\/uploads\/2026\/04\/WhatsApp-Image-2026-04-25-at-12.38.39-1536x1022.jpeg 1536w, https:\/\/lavozpuntana.com\/wp-content\/uploads\/2026\/04\/WhatsApp-Image-2026-04-25-at-12.38.39-2048x1362.jpeg 2048w\" sizes=\"auto, (max-width: 1024px) 100vw, 1024px\" \/><\/figure>\n\n\n\n<p><strong>El plan de regularizaci\u00f3n dominial dio otro gran paso este s\u00e1bado. \u201cEsto es un antes y despu\u00e9s porque el t\u00edtulo revaloriza la casa\u201d, sostuvo el Mandatario ante m\u00e1s de 70 vecinos.<\/strong><\/p>\n\n\n\n<p>Este s\u00e1bado, el Sal\u00f3n Blanco de Casa de Gobierno fue escenario de una nueva entrega de escrituras, t\u00edtulos de regularizaci\u00f3n dominial y certificados del programa \u2018Proteg\u00e9 tu Casa\u2019. \u201cEsto es un antes y un despu\u00e9s porque el t\u00edtulo revaloriza la casa\u201d, dijo el gobernador Claudio Poggi, que encabez\u00f3 el acto.<\/p>\n\n\n\n<p>\u201cEsto es muy importante para ustedes, para la provincia y para la seguridad jur\u00eddica de la vivienda de cada una de sus familias. Siempre cuento que, cuando asumimos el gobierno en diciembre de 2023, ve\u00edamos muchas trabas, dificultades, costos para adjudicatarios de viviendas de planes habitacionales que hab\u00eda construido la Provincia en los \u00faltimos 5, 10, 15 o 40 a\u00f1os, pero que no pod\u00edan escriturar su casa o que ten\u00edan obst\u00e1culos para escriturar\u201d, record\u00f3 Poggi en su discurso.<\/p>\n\n\n\n<p>El Gobierno articul\u00f3 todos los mecanismos disponibles junto a&nbsp;Catastro, al Registro de la Propiedad Inmueble, a distintas \u00e1reas de Pol\u00edtica Habitacional y al Colegio de Escribanos de San Luis para solucionarlo. Es as\u00ed que, desde diciembre de 2023 a la fecha,&nbsp;<strong>el Ejecutivo ya entreg\u00f3 6.555 escrituras, 1.164 decretos de regularizaci\u00f3n dominial y 935 actas de \u2018Proteg\u00e9 tu Casa\u2019,<\/strong>&nbsp;lo que anteriormente se conoc\u00eda como poner la propiedad como bien de familia.<\/p>\n\n\n\n<p><strong>\u201cOrdenar los papeles para la tranquilidad familiar, para la seguridad jur\u00eddica, tiene un valor enorme.<\/strong>&nbsp;Digo que es un antes y un despu\u00e9s, porque valoriza la casa. Si ustedes deciden vender la casa te preguntan siempre, \u2018\u00bfTiene escritura o no tiene escritura?\u2019 Si no tiene te la tiran abajo, si tiene, vale lo que vale. Valoriza el patrimonio de la familia, valoriza la casa, da tranquilidad familiar porque uno ordena los papeles\u201d, remarc\u00f3 el Mandatario.<\/p>\n\n\n\n<p>Detr\u00e1s de cada documento entregado hay una historia, como la de Manuel Bascu\u00f1\u00e1n, un docente vecino del barrio AMEP de la capital que esper\u00f3 36 a\u00f1os el momento de hoy. \u201cEstamos muy agradecidos con el Gobierno por la gesti\u00f3n, agradecido a Dios, en primer lugar, y agradecido al Gobierno por esto. Me parece muy importante y muy valioso el trabajo que se est\u00e1 haciendo para facilitar estos tr\u00e1mites que son tan importantes para la familia y para el propietario\u201d, cont\u00f3 en compa\u00f1\u00eda de su hijo.<\/p>\n\n\n\n<p>Lo mismo sinti\u00f3 Julio Ernesto Moral, que no pudo evitar emocionarse al contar que esper\u00f3 tres d\u00e9cadas para convertirse finalmente en due\u00f1o de su hogar, en el barrio Jard\u00edn San Luis de la capital. \u201cEs una ayuda para toda la gente que no lo puede hacer sola, as\u00ed que eso, allanar las dificultades es algo muy bueno. Esta emoci\u00f3n se va a transformar en un festejito, algo habr\u00e1\u201d, cont\u00f3.<\/p>\n\n\n\n<p>De a tandas, los nuevos due\u00f1os pasaron al frente para recibir la carpeta con sus documentos y fotografiarse junto a sus familia. Pero la \u00faltima entrega fue especial, ya que se hizo un reconocimiento p\u00fablico a Graciela Beatriz Villarroel, o \u2018Kuki\u2019 como la conocen todos, que se jubil\u00f3 hace unos d\u00edas, tras 32 a\u00f1os de servicio en la administraci\u00f3n p\u00fablica, la mayor\u00eda de ellos en el \u00e1rea de vivienda.<\/p>\n\n\n\n<p>\u201cTuve una buena experiencia y me voy con el coraz\u00f3n y el alma llena. Empiezo otra etapa, con decirles que me inscrib\u00ed, sabiendo que me jubilaba, a estudiar y decid\u00ed hacer tapicer\u00eda en la UPrO. Les aconsejo que estudien, que sigan estudiando y que no se queden quietos, hay que moverse. Como escuch\u00e9 una vez, \u2018chicle que no se mastica, queda duro\u2019, as\u00ed que, a moverse y ponerle pilas a la vida, porque es bella y vale vivirla\u201d, dijo emocionada.<\/p>\n","protected":false},"excerpt":{"rendered":"<p>El plan de regularizaci\u00f3n dominial dio otro gran paso este s\u00e1bado. \u201cEsto es un antes<\/p>\n","protected":false},"author":4,"featured_media":22133,"comment_status":"closed","ping_status":"closed","sticky":false,"template":"","format":"standard","meta":{"footnotes":""},"categories":[4],"tags":[],"class_list":["post-22132","post","type-post","status-publish","format-standard","has-post-thumbnail","hentry","category-la-provincia"],"_links":{"self":[{"href":"https:\/\/lavozpuntana.com\/index.php?rest_route=\/wp\/v2\/posts\/22132","targetHints":{"allow":["GET"]}}],"collection":[{"href":"https:\/\/lavozpuntana.com\/index.php?rest_route=\/wp\/v2\/posts"}],"about":[{"href":"https:\/\/lavozpuntana.com\/index.php?rest_route=\/wp\/v2\/types\/post"}],"author":[{"embeddable":true,"href":"https:\/\/lavozpuntana.com\/index.php?rest_route=\/wp\/v2\/users\/4"}],"replies":[{"embeddable":true,"href":"https:\/\/lavozpuntana.com\/index.php?rest_route=%2Fwp%2Fv2%2Fcomments&post=22132"}],"version-history":[{"count":1,"href":"https:\/\/lavozpuntana.com\/index.php?rest_route=\/wp\/v2\/posts\/22132\/revisions"}],"predecessor-version":[{"id":22134,"href":"https:\/\/lavozpuntana.com\/index.php?rest_route=\/wp\/v2\/posts\/22132\/revisions\/22134"}],"wp:featuredmedia":[{"embeddable":true,"href":"https:\/\/lavozpuntana.com\/index.php?rest_route=\/wp\/v2\/media\/22133"}],"wp:attachment":[{"href":"https:\/\/lavozpuntana.com\/index.php?rest_route=%2Fwp%2Fv2%2Fmedia&parent=22132"}],"wp:term":[{"taxonomy":"category","embeddable":true,"href":"https:\/\/lavozpuntana.com\/index.php?rest_route=%2Fwp%2Fv2%2Fcategories&post=22132"},{"taxonomy":"post_tag","embeddable":true,"href":"https:\/\/lavozpuntana.com\/index.php?rest_route=%2Fwp%2Fv2%2Ftags&post=22132"}],"curies":[{"name":"wp","href":"https:\/\/api.w.org\/{rel}","templated":true}]}}