{"id":22148,"date":"2026-04-29T13:28:19","date_gmt":"2026-04-29T16:28:19","guid":{"rendered":"https:\/\/lavozpuntana.com\/?p=22148"},"modified":"2026-04-29T13:28:19","modified_gmt":"2026-04-29T16:28:19","slug":"el-gobernador-firmo-el-decreto-para-sumar-una-hora-de-clase-en-escuelas-de-nivel-primario","status":"publish","type":"post","link":"https:\/\/lavozpuntana.com\/?p=22148","title":{"rendered":"EL GOBERNADOR FIRM\u00d3 EL DECRETO PARA SUMAR UNA HORA DE CLASE EN ESCUELAS DE NIVEL PRIMARIO"},"content":{"rendered":"\n<figure class=\"wp-block-image size-large\"><img loading=\"lazy\" decoding=\"async\" width=\"1024\" height=\"683\" src=\"https:\/\/lavozpuntana.com\/wp-content\/uploads\/2026\/04\/WhatsApp-Image-2026-04-29-at-10.18.38-AM-1-scaled-1-1024x683.jpeg\" alt=\"\" class=\"wp-image-22149\" srcset=\"https:\/\/lavozpuntana.com\/wp-content\/uploads\/2026\/04\/WhatsApp-Image-2026-04-29-at-10.18.38-AM-1-scaled-1-1024x683.jpeg 1024w, https:\/\/lavozpuntana.com\/wp-content\/uploads\/2026\/04\/WhatsApp-Image-2026-04-29-at-10.18.38-AM-1-scaled-1-300x200.jpeg 300w, https:\/\/lavozpuntana.com\/wp-content\/uploads\/2026\/04\/WhatsApp-Image-2026-04-29-at-10.18.38-AM-1-scaled-1-768x512.jpeg 768w, https:\/\/lavozpuntana.com\/wp-content\/uploads\/2026\/04\/WhatsApp-Image-2026-04-29-at-10.18.38-AM-1-scaled-1-1536x1024.jpeg 1536w, https:\/\/lavozpuntana.com\/wp-content\/uploads\/2026\/04\/WhatsApp-Image-2026-04-29-at-10.18.38-AM-1-scaled-1-2048x1366.jpeg 2048w\" sizes=\"auto, (max-width: 1024px) 100vw, 1024px\" \/><\/figure>\n\n\n\n<p><strong>El programa \u2018Hora+\u2019 es una de las medidas que el Primer mandatario hab\u00eda anunciado en la inauguraci\u00f3n del 39\u00b0 per\u00edodo bicameral de sesiones ordinarias&nbsp;en la Legislatura, el pasado 1\u00b0 de abril. Inicialmente se implementar\u00e1 en 16 establecimientos escolares y el objetivo es hacerlo extensivo a otros.&nbsp;&nbsp;<\/strong><\/p>\n\n\n\n<p>Este mi\u00e9rcoles, el&nbsp;<strong>gobernador Claudio Poggi,<\/strong>&nbsp;acompa\u00f1ado por el ministro de Educaci\u00f3n, Guillermo Araujo, y la secretaria Legal y T\u00e9cnica, Natalia Carranza, firm\u00f3 el decreto que homologa el convenio para la ampliaci\u00f3n de las horas de clase, correspondiente al programa&nbsp;<strong>\u2018Hacia la Universalizaci\u00f3n de la Jornada Completa o Extendida\u2019,<\/strong>&nbsp;suscripto entre la secretar\u00eda de Educaci\u00f3n del ministerio de Capital Humano de la Naci\u00f3n y el ministerio de Educaci\u00f3n de San Luis. Esto implica que comenzar\u00e1 a implementarse&nbsp;<strong>una hora m\u00e1s de clase en escuelas de la provincia<\/strong>.<\/p>\n\n\n\n<p>De este modo, la jornada se extiende de cuatro a cinco horas diarias, para garantizar 25 horas c\u00e1tedras semanales.<\/p>\n\n\n\n<p>\u201cEl programa<strong>&nbsp;\u2018Hora+\u2019<\/strong>&nbsp;busca fortalecer el tiempo de estudio, espec\u00edficamente agregando una hora m\u00e1s de clase, que generalmente es en el<strong>&nbsp;Primario<\/strong>.&nbsp;<strong>Se dedica exclusivamente a Lengua y Matem\u00e1tica<\/strong>. Con este convenio, hemos empezado una prueba piloto en&nbsp;<strong>16 escuelas de distintas localidades<\/strong>\u201c, puntualiz\u00f3 el ministro Araujo este mi\u00e9rcoles, tras el encuentro con el Gobernador.<\/p>\n\n\n\n<p>Vale recordar que en la Provincia est\u00e1n en marcha dos iniciativas<strong>, \u2018Queremos Aprender\u2019 y \u2018Queremos Resolver\u2019<\/strong>, que est\u00e1n en sinton\u00eda con esta medida y que apuntan a consolidar los conocimientos y habilidades de los estudiantes tanto en materia de&nbsp;<strong>lectura, alfabetizaci\u00f3n y comprensi\u00f3n lectora<\/strong>&nbsp;y en el&nbsp;<strong>aprendizaje de la l\u00f3gica matem\u00e1tica ya la resoluci\u00f3n de problemas<\/strong>, respectivamente.<\/p>\n\n\n\n<p>Con \u2018Hora+\u2019, las autoridades de Educaci\u00f3n buscan asegurar el logro de los objetivos previstos para dicho nivel y garantizar oportunidades equitativas para el aprendizaje de conocimientos significativos en ambas \u00e1reas.<\/p>\n\n\n\n<p>El Ministro aclar\u00f3 que el acuerdo con Naci\u00f3n comprende exclusivamente a las escuelas estatales. \u201cNos parece fundamental para reforzar los conocimientos, se suma a todo el trabajo que realizamos en alfabetizaci\u00f3n y en matem\u00e1tica, y la idea es continuar incorporando escuelas en la medida, por supuesto, que se pueda ir coordinando con Naci\u00f3n\u201d, dijo Araujo.<\/p>\n\n\n\n<p>Adem\u00e1s, el jefe de la cartera educativa refiri\u00f3 que \u201c<strong>en estas 16 escuelas se paga una adicional a 130 docentes y directivos<\/strong>, que se van a ver beneficiados con el extra por este tiempo que se suma y lo van a haber reflejado en el recibo de sueldo de este mes\u201d.<\/p>\n\n\n\n<p>\u201cTambi\u00e9n se empieza a implementar un \u00edtem para todos los docentes de nivel Inicial y Primario que est\u00e9n frente a aula, que es el \u00edtem \u2018Ense\u00f1anza en aula\u2019, que implica un&nbsp;<strong>adicional bruto de $125.000<\/strong>. Tambi\u00e9n se va a empezar a abonar a partir de este mes, lo cual tambi\u00e9n es una buena noticia\u201d, inform\u00f3 el Ministro.<\/p>\n","protected":false},"excerpt":{"rendered":"<p>El programa \u2018Hora+\u2019 es una de las medidas que el Primer mandatario hab\u00eda anunciado en<\/p>\n","protected":false},"author":4,"featured_media":22149,"comment_status":"closed","ping_status":"closed","sticky":false,"template":"","format":"standard","meta":{"footnotes":""},"categories":[4],"tags":[],"class_list":["post-22148","post","type-post","status-publish","format-standard","has-post-thumbnail","hentry","category-la-provincia"],"_links":{"self":[{"href":"https:\/\/lavozpuntana.com\/index.php?rest_route=\/wp\/v2\/posts\/22148","targetHints":{"allow":["GET"]}}],"collection":[{"href":"https:\/\/lavozpuntana.com\/index.php?rest_route=\/wp\/v2\/posts"}],"about":[{"href":"https:\/\/lavozpuntana.com\/index.php?rest_route=\/wp\/v2\/types\/post"}],"author":[{"embeddable":true,"href":"https:\/\/lavozpuntana.com\/index.php?rest_route=\/wp\/v2\/users\/4"}],"replies":[{"embeddable":true,"href":"https:\/\/lavozpuntana.com\/index.php?rest_route=%2Fwp%2Fv2%2Fcomments&post=22148"}],"version-history":[{"count":1,"href":"https:\/\/lavozpuntana.com\/index.php?rest_route=\/wp\/v2\/posts\/22148\/revisions"}],"predecessor-version":[{"id":22150,"href":"https:\/\/lavozpuntana.com\/index.php?rest_route=\/wp\/v2\/posts\/22148\/revisions\/22150"}],"wp:featuredmedia":[{"embeddable":true,"href":"https:\/\/lavozpuntana.com\/index.php?rest_route=\/wp\/v2\/media\/22149"}],"wp:attachment":[{"href":"https:\/\/lavozpuntana.com\/index.php?rest_route=%2Fwp%2Fv2%2Fmedia&parent=22148"}],"wp:term":[{"taxonomy":"category","embeddable":true,"href":"https:\/\/lavozpuntana.com\/index.php?rest_route=%2Fwp%2Fv2%2Fcategories&post=22148"},{"taxonomy":"post_tag","embeddable":true,"href":"https:\/\/lavozpuntana.com\/index.php?rest_route=%2Fwp%2Fv2%2Ftags&post=22148"}],"curies":[{"name":"wp","href":"https:\/\/api.w.org\/{rel}","templated":true}]}}