{"id":22157,"date":"2026-04-29T13:44:12","date_gmt":"2026-04-29T16:44:12","guid":{"rendered":"https:\/\/lavozpuntana.com\/?p=22157"},"modified":"2026-04-29T13:44:12","modified_gmt":"2026-04-29T16:44:12","slug":"los-nuevos-hogares-de-tilisarao-naschel-y-san-pablo-presentan-importantes-avances","status":"publish","type":"post","link":"https:\/\/lavozpuntana.com\/?p=22157","title":{"rendered":"LOS NUEVOS HOGARES DE TILISARAO, NASCHEL Y SAN PABLO PRESENTAN IMPORTANTES AVANCES"},"content":{"rendered":"\n<figure class=\"wp-block-image size-large\"><img loading=\"lazy\" decoding=\"async\" width=\"1024\" height=\"686\" src=\"https:\/\/lavozpuntana.com\/wp-content\/uploads\/2026\/04\/San-Pablo-2-1024x686.jpeg\" alt=\"\" class=\"wp-image-22158\" srcset=\"https:\/\/lavozpuntana.com\/wp-content\/uploads\/2026\/04\/San-Pablo-2-1024x686.jpeg 1024w, https:\/\/lavozpuntana.com\/wp-content\/uploads\/2026\/04\/San-Pablo-2-300x201.jpeg 300w, https:\/\/lavozpuntana.com\/wp-content\/uploads\/2026\/04\/San-Pablo-2-768x514.jpeg 768w, https:\/\/lavozpuntana.com\/wp-content\/uploads\/2026\/04\/San-Pablo-2.jpeg 1280w\" sizes=\"auto, (max-width: 1024px) 100vw, 1024px\" \/><\/figure>\n\n\n\n<p><strong>El Gobierno construye en estas localidades 32 unidades habitacionales que presentan adelantos que van desde la elevaci\u00f3n de mamposter\u00eda hasta etapas de terminaci\u00f3n.&nbsp;<\/strong><\/p>\n\n\n\n<p>La pol\u00edtica habitacional avanza firme en el departamento Chacabuco. En<strong>&nbsp;Tilisarao, Naschel y San Pablo<\/strong>,&nbsp;<strong>32 nuevas viviendas<\/strong>&nbsp;est\u00e1n en marcha, con un fuerte impacto en la din\u00e1mica econ\u00f3mica y el desarrollo de cada comunidad.<\/p>\n\n\n\n<p>La direcci\u00f3n de Obras de Arquitectura y Viviendas precis\u00f3 que<strong>&nbsp;en Naschel se construyen 16 unidades<\/strong>&nbsp;del programa<strong>&nbsp;\u2018Tenemos Futuro<\/strong>\u2019. Las viviendas ya cuentan con sus cubiertas ejecutadas y consolidadas. Sobre las losas se desarrollan actualmente trabajos complementarios, entre ellos la materializaci\u00f3n de las bases para los tanques de agua, visibles en elevaci\u00f3n, junto con la ejecuci\u00f3n de parapetos.<\/p>\n\n\n\n<p>En paralelo, se avanza en tareas de mamposter\u00eda y primeras terminaciones. Se realiza revoque grueso exterior, con tres plateas ya completamente revocadas, mientras que en otras se ejecutan trabajos de canaleteado y pase de ca\u00f1er\u00edas para la instalaci\u00f3n el\u00e9ctrica. Asimismo, algunas unidades presentan avances en instalaciones internas, con la ejecuci\u00f3n de la red de agua y el inicio del revoque grueso interior.<\/p>\n\n\n\n<p>En<strong>&nbsp;San Pablo<\/strong>&nbsp;se trabaja en&nbsp;<strong>cuatro<\/strong>&nbsp;<strong>unidades<\/strong>&nbsp;<strong>del mismo programa<\/strong>, que avanzan a buen ritmo. Actualmente, las tareas se centran en la etapa de mamposter\u00eda. Las viviendas presentan muros de ladrillo cer\u00e1mico elevados de manera uniforme, lo que permite identificar con claridad la configuraci\u00f3n de los ambientes. Se avanza en la elevaci\u00f3n hasta altura de dintel, instancia clave para la posterior ejecuci\u00f3n de encadenados y cubiertas, se observan vanos definidos para aberturas y sectores pr\u00f3ximos a alcanzar el nivel estructural requerido.<\/p>\n\n\n\n<p>Tambi\u00e9n, se ejecutan columnas de hormig\u00f3n armado con armaduras en espera, que dar\u00e1n continuidad a la estructura.<\/p>\n\n\n\n<p>En tanto, en&nbsp;<strong>Tilisarao<\/strong>&nbsp;se construyen<strong>&nbsp;12 hogares&nbsp;<\/strong>en el marco de<strong>&nbsp;la terminalidad de los planes \u2018Progreso\u2019 y \u2018Sue\u00f1os\u2019<\/strong>. Las unidades ya tienen sus vol\u00famenes completamente definidos y las cubiertas ejecutadas. Las edificaciones se encuentran revocadas en su totalidad en el exterior, consolidando la imagen final de las viviendas.<\/p>\n\n\n\n<p>De acuerdo a lo informado, se trabaja actualmente en el armado de voladizos sobre los accesos, al tiempo que contin\u00faan las tareas de terminaci\u00f3n en el interior, con la colocaci\u00f3n de revestimientos en sectores de cocina y sanitarios. Igualmente, se registran avances en la instalaci\u00f3n de aberturas, con la colocaci\u00f3n de ventanas y rejas en varias unidades. La obra se encuentra en una etapa avanzada, enfocada en terminaciones y detalles finales, pr\u00f3xima a su finalizaci\u00f3n.<\/p>\n\n\n\n<p>En conjunto, las intervenciones evidencian un avance sostenido y simult\u00e1neo en las distintas localidades, con frentes de obra activos en todas las etapas constructivas.<\/p>\n","protected":false},"excerpt":{"rendered":"<p>El Gobierno construye en estas localidades 32 unidades habitacionales que presentan adelantos que van desde<\/p>\n","protected":false},"author":4,"featured_media":22158,"comment_status":"closed","ping_status":"closed","sticky":false,"template":"","format":"standard","meta":{"footnotes":""},"categories":[4],"tags":[],"class_list":["post-22157","post","type-post","status-publish","format-standard","has-post-thumbnail","hentry","category-la-provincia"],"_links":{"self":[{"href":"https:\/\/lavozpuntana.com\/index.php?rest_route=\/wp\/v2\/posts\/22157","targetHints":{"allow":["GET"]}}],"collection":[{"href":"https:\/\/lavozpuntana.com\/index.php?rest_route=\/wp\/v2\/posts"}],"about":[{"href":"https:\/\/lavozpuntana.com\/index.php?rest_route=\/wp\/v2\/types\/post"}],"author":[{"embeddable":true,"href":"https:\/\/lavozpuntana.com\/index.php?rest_route=\/wp\/v2\/users\/4"}],"replies":[{"embeddable":true,"href":"https:\/\/lavozpuntana.com\/index.php?rest_route=%2Fwp%2Fv2%2Fcomments&post=22157"}],"version-history":[{"count":1,"href":"https:\/\/lavozpuntana.com\/index.php?rest_route=\/wp\/v2\/posts\/22157\/revisions"}],"predecessor-version":[{"id":22159,"href":"https:\/\/lavozpuntana.com\/index.php?rest_route=\/wp\/v2\/posts\/22157\/revisions\/22159"}],"wp:featuredmedia":[{"embeddable":true,"href":"https:\/\/lavozpuntana.com\/index.php?rest_route=\/wp\/v2\/media\/22158"}],"wp:attachment":[{"href":"https:\/\/lavozpuntana.com\/index.php?rest_route=%2Fwp%2Fv2%2Fmedia&parent=22157"}],"wp:term":[{"taxonomy":"category","embeddable":true,"href":"https:\/\/lavozpuntana.com\/index.php?rest_route=%2Fwp%2Fv2%2Fcategories&post=22157"},{"taxonomy":"post_tag","embeddable":true,"href":"https:\/\/lavozpuntana.com\/index.php?rest_route=%2Fwp%2Fv2%2Ftags&post=22157"}],"curies":[{"name":"wp","href":"https:\/\/api.w.org\/{rel}","templated":true}]}}