{"id":22163,"date":"2026-04-29T13:49:08","date_gmt":"2026-04-29T16:49:08","guid":{"rendered":"https:\/\/lavozpuntana.com\/?p=22163"},"modified":"2026-04-29T13:49:09","modified_gmt":"2026-04-29T16:49:09","slug":"poggi-rubrico-cuatro-decretos-para-impulsar-mas-obras-publicas-viales","status":"publish","type":"post","link":"https:\/\/lavozpuntana.com\/?p=22163","title":{"rendered":"POGGI RUBRIC\u00d3 CUATRO DECRETOS PARA IMPULSAR M\u00c1S OBRAS P\u00daBLICAS VIALES"},"content":{"rendered":"\n<figure class=\"wp-block-image size-large\"><img loading=\"lazy\" decoding=\"async\" width=\"1024\" height=\"683\" src=\"https:\/\/lavozpuntana.com\/wp-content\/uploads\/2026\/04\/WhatsApp-Image-2026-04-29-at-10.02.56-1-scaled-1-1024x683.jpeg\" alt=\"\" class=\"wp-image-22164\" srcset=\"https:\/\/lavozpuntana.com\/wp-content\/uploads\/2026\/04\/WhatsApp-Image-2026-04-29-at-10.02.56-1-scaled-1-1024x683.jpeg 1024w, https:\/\/lavozpuntana.com\/wp-content\/uploads\/2026\/04\/WhatsApp-Image-2026-04-29-at-10.02.56-1-scaled-1-300x200.jpeg 300w, https:\/\/lavozpuntana.com\/wp-content\/uploads\/2026\/04\/WhatsApp-Image-2026-04-29-at-10.02.56-1-scaled-1-768x512.jpeg 768w, https:\/\/lavozpuntana.com\/wp-content\/uploads\/2026\/04\/WhatsApp-Image-2026-04-29-at-10.02.56-1-scaled-1-1536x1024.jpeg 1536w, https:\/\/lavozpuntana.com\/wp-content\/uploads\/2026\/04\/WhatsApp-Image-2026-04-29-at-10.02.56-1-scaled-1-2048x1366.jpeg 2048w\" sizes=\"auto, (max-width: 1024px) 100vw, 1024px\" \/><\/figure>\n\n\n\n<p><strong>Dos decretos de adjudicaci\u00f3n optimizar\u00e1n la infraestructura de las rutas provinciales N\u00b02, 15 y 45. Por otro lado, se estableci\u00f3 un llamado a licitaci\u00f3n para rutas provinciales no pavimentadas y otro para efectuar la demarcaci\u00f3n de la ruta provincial 20 desde El Volc\u00e1n hasta su cruce con la autopista 55.<\/strong><\/p>\n\n\n\n<p>Este mi\u00e9rcoles, el gobernador Claudio Poggi recibi\u00f3 en su despacho al director del Ente de Control de Rutas, Ariel P\u00e1ez, y al director de Vialidad Provincial, Juan Jos\u00e9 Sosa Zamarbide, para subscribir cuatro decretos que incluyen la adjudicaci\u00f3n de obras en dos casos y el llamado a licitaci\u00f3n de otros dos para la&nbsp;<strong>repavimentaci\u00f3n y mejora de rutas provinciales<\/strong>. El monto total de la inversi\u00f3n es de&nbsp;<strong>$3.346.718.481<\/strong>.<\/p>\n\n\n\n<p>Sosa Zamarbide dijo que dos de los decretos son adjudicaciones de obras para la conservaci\u00f3n mejorativa de varias rutas (la 2 en uno, y las rutas 15 y 45 en otro), mientras que los restantes son un llamado a licitaci\u00f3n sobre&nbsp;1.430 kil\u00f3metros de rutas provinciales sin pavimentar y otro para la demarcaci\u00f3n de la ruta provincial 20, en el tramo que va desde El Volc\u00e1n hasta la autopista N\u00b055, pasando La Toma, que en este caso est\u00e1 a cargo del Ente de Control de Rutas.<\/p>\n\n\n\n<p>\u201cEn el caso de las rutas pavimentadas,&nbsp;la conservaci\u00f3n mejorativa se trata de tareas de bacheo,&nbsp;sellado&nbsp;de fisuras y trabajo sobre banquinas.&nbsp;Concretamente, es la ruta provincial N\u00b015,&nbsp;en el tramo entre San Ger\u00f3nimo y Los Manantiales&nbsp;y el acceso a esta localidad por la ruta provincial N\u00b045.&nbsp;Tambi\u00e9n el tramo de la ruta provincial N\u00b02&nbsp;entre La Toma y la intersecci\u00f3n con la ruta nacional N\u00b020,&nbsp;en el norte de la provincia de San Luis\u201d, describi\u00f3.<\/p>\n\n\n\n<p>El titular del Ente de Control de Rutas, Ariel P\u00e1ez, dijo en la ruta provincial N\u00b020 o autopista Del Saladillo, se llevar\u00e1 a cabo una obra de demarcaci\u00f3n horizontal. Ser\u00e1 desde el kil\u00f3metro 18, en El Volc\u00e1n, siguiendo hacia el cruce con la autopista N\u00b055 en La Toma, hasta el kil\u00f3metro 91.<\/p>\n\n\n\n<p>\u201cLa obra contempla el eje central y los bordes de dicha autopista. Impacta directamente en la seguridad vial y en la vida de las personas, ya que es una ruta muy transitada\u201d,&nbsp;sostuvo P\u00e1ez. Tambi\u00e9n explic\u00f3 que el correr del tiempo, el tr\u00e1nsito y las inclemencias clim\u00e1ticas ocasionaron que se desgaste su pintura y demarcaci\u00f3n. En adici\u00f3n, precis\u00f3 que&nbsp;<strong>tiene un plazo de ejecuci\u00f3n de 90 d\u00edas corridos y un monto de adjudicaci\u00f3n de $1.650 millones<\/strong>.<\/p>\n\n\n\n<p>Seg\u00fan el documento legal, \u201cel paso del tiempo y las inclemencias clim\u00e1ticas provocaron el detrimento de la carpeta y de los escurrimientos longitudinales y transversales de agua, generando acumulaci\u00f3n que luego produce el deterioro de la calzada\u201d.<\/p>\n\n\n\n<p>\u201cEstas son obras p\u00fablicas, viales en este caso.&nbsp;Estamos con estas obras alcanzando<strong>&nbsp;la repavimentaci\u00f3n&nbsp;de&nbsp;m\u00e1s de 860 kil\u00f3metros<\/strong>&nbsp;en el plan&nbsp;que venimos desarrollando de mantenimiento y conservaci\u00f3n mejorativa&nbsp;de las rutas provinciales pavimentadas de la provincia.&nbsp;Consideramos que es un paso importante para&nbsp;<strong>mantener&nbsp;la transitabilidad de la ruta, la conexi\u00f3n entre las localidades,&nbsp;los desarrollos productivos&nbsp;y, obviamente, la generaci\u00f3n de trabajo<\/strong>&nbsp;a partir de las obras que se contratan\u201d, se\u00f1al\u00f3 el director de Vialidad Provincial.<\/p>\n\n\n\n<p>Para el caso de las rutas pavimentadas,&nbsp;se firma la adjudicaci\u00f3n, el contrato de obra&nbsp;y se da inicio a los trabajos.&nbsp;En el caso del llamado a licitaci\u00f3n de las rutas no pavimentadas,&nbsp;que comprenden siete&nbsp;circuitos, el paso siguiente ser\u00eda&nbsp;conformar el acto licitatorio: la recepci\u00f3n de las ofertas&nbsp;para posteriormente adjudicar y comenzar los trabajos.<\/p>\n\n\n\n<p>En todos los casos,&nbsp;<strong>los contratos indican claramente que las empresas contratistas deben tomar en su mayor\u00eda mano de obra local, que puede abarcar tambi\u00e9n al Plan de Inclusi\u00f3n<\/strong>. De esa manera, se genera un c\u00edrculo virtuoso de obras p\u00fablicas y trabajo genuino para los habitantes del interior de San Luis.<\/p>\n","protected":false},"excerpt":{"rendered":"<p>Dos decretos de adjudicaci\u00f3n optimizar\u00e1n la infraestructura de las rutas provinciales N\u00b02, 15 y 45.<\/p>\n","protected":false},"author":4,"featured_media":22164,"comment_status":"closed","ping_status":"closed","sticky":false,"template":"","format":"standard","meta":{"footnotes":""},"categories":[4],"tags":[],"class_list":["post-22163","post","type-post","status-publish","format-standard","has-post-thumbnail","hentry","category-la-provincia"],"_links":{"self":[{"href":"https:\/\/lavozpuntana.com\/index.php?rest_route=\/wp\/v2\/posts\/22163","targetHints":{"allow":["GET"]}}],"collection":[{"href":"https:\/\/lavozpuntana.com\/index.php?rest_route=\/wp\/v2\/posts"}],"about":[{"href":"https:\/\/lavozpuntana.com\/index.php?rest_route=\/wp\/v2\/types\/post"}],"author":[{"embeddable":true,"href":"https:\/\/lavozpuntana.com\/index.php?rest_route=\/wp\/v2\/users\/4"}],"replies":[{"embeddable":true,"href":"https:\/\/lavozpuntana.com\/index.php?rest_route=%2Fwp%2Fv2%2Fcomments&post=22163"}],"version-history":[{"count":1,"href":"https:\/\/lavozpuntana.com\/index.php?rest_route=\/wp\/v2\/posts\/22163\/revisions"}],"predecessor-version":[{"id":22165,"href":"https:\/\/lavozpuntana.com\/index.php?rest_route=\/wp\/v2\/posts\/22163\/revisions\/22165"}],"wp:featuredmedia":[{"embeddable":true,"href":"https:\/\/lavozpuntana.com\/index.php?rest_route=\/wp\/v2\/media\/22164"}],"wp:attachment":[{"href":"https:\/\/lavozpuntana.com\/index.php?rest_route=%2Fwp%2Fv2%2Fmedia&parent=22163"}],"wp:term":[{"taxonomy":"category","embeddable":true,"href":"https:\/\/lavozpuntana.com\/index.php?rest_route=%2Fwp%2Fv2%2Fcategories&post=22163"},{"taxonomy":"post_tag","embeddable":true,"href":"https:\/\/lavozpuntana.com\/index.php?rest_route=%2Fwp%2Fv2%2Ftags&post=22163"}],"curies":[{"name":"wp","href":"https:\/\/api.w.org\/{rel}","templated":true}]}}