{"id":22166,"date":"2026-04-29T13:51:22","date_gmt":"2026-04-29T16:51:22","guid":{"rendered":"https:\/\/lavozpuntana.com\/?p=22166"},"modified":"2026-04-29T13:51:23","modified_gmt":"2026-04-29T16:51:23","slug":"mas-de-120-escuelas-confirmaron-su-asistencia-a-la-expo-educativa-de-san-luis","status":"publish","type":"post","link":"https:\/\/lavozpuntana.com\/?p=22166","title":{"rendered":"M\u00c1S DE 120 ESCUELAS CONFIRMARON SU ASISTENCIA A LA EXPO EDUCATIVA DE SAN LUIS"},"content":{"rendered":"\n<figure class=\"wp-block-image size-full\"><img loading=\"lazy\" decoding=\"async\" width=\"900\" height=\"600\" src=\"https:\/\/lavozpuntana.com\/wp-content\/uploads\/2026\/04\/unnamed.jpg\" alt=\"\" class=\"wp-image-22167\" srcset=\"https:\/\/lavozpuntana.com\/wp-content\/uploads\/2026\/04\/unnamed.jpg 900w, https:\/\/lavozpuntana.com\/wp-content\/uploads\/2026\/04\/unnamed-300x200.jpg 300w, https:\/\/lavozpuntana.com\/wp-content\/uploads\/2026\/04\/unnamed-768x512.jpg 768w\" sizes=\"auto, (max-width: 900px) 100vw, 900px\" \/><\/figure>\n\n\n\n<p><strong>El martes 5 de mayo, la ciudad capital ser\u00e1 sede de una nueva edici\u00f3n de la&nbsp;<a href=\"https:\/\/agenciasanluis.com\/2026\/04\/23\/1159428-el-martes-5-de-mayo-realizaran-la-expo-educativa-tu-futuro-esta-aqui-junto-a-la-jornada-clip\/\">Expo Educativa<\/a>&nbsp;\u2018Tu Futuro Est\u00e1 Aqu\u00ed\u2019. Con la participaci\u00f3n de 23 universidades e instituciones provinciales, estudiantes del \u00faltimo a\u00f1o y personas interesadas en retomar sus estudios podr\u00e1n acercarse de 9:00 a 16:00 al sal\u00f3n Malvinas Argentinas para conocer en detalle la oferta educativa disponible.<\/strong><\/p>\n\n\n\n<p>Las instituciones participantes integran la Comisi\u00f3n Provincial de Articulaci\u00f3n con el Nivel Superior (CoProANS). Durante la jornada, los asistentes podr\u00e1n recorrer los distintos stands, dialogar con representantes acad\u00e9micos, evacuar dudas y comenzar a definir su camino profesional con informaci\u00f3n de primera mano.<\/p>\n\n\n\n<p>En relaci\u00f3n con la convocatoria, directivos de 127 escuelas ya confirmaron su participaci\u00f3n junto a sus estudiantes del \u00faltimo a\u00f1o, lo que refleja el fuerte inter\u00e9s generado por la propuesta.<\/p>\n\n\n\n<p>Adem\u00e1s, los j\u00f3venes sanluise\u00f1os pueden acceder a toda la oferta acad\u00e9mica de la provincia a trav\u00e9s de la&nbsp;<strong><a href=\"https:\/\/carreras.sanluis.edu.ar\/\">web<\/a><\/strong>, donde encontrar\u00e1n filtros para orientar su b\u00fasqueda y un test vocacional que los ayudar\u00e1 a tomar decisiones informadas sobre su futuro.<\/p>\n\n\n\n<p>En paralelo, en ese d\u00eda, horario y lugar, se realizar\u00e1 la Jornada CLIP (Comunicaci\u00f3n, Lenguajes, Inteligencia Artificial y Producci\u00f3n de Contenidos) que contar\u00e1 con distintos talleres de comunicaci\u00f3n, producci\u00f3n de contenidos audiovisuales y periodismo: manejo de equipamiento, de c\u00e1maras de video y espacio de streaming, entre otras propuestas para que los estudiantes fortalezcan su aprendizaje. Para conocer m\u00e1s de este programa, pueden ingresar en el siguiente&nbsp;<a href=\"https:\/\/clip.sanluis.gov.ar\/\"><strong>enlace<\/strong><\/a>.<\/p>\n","protected":false},"excerpt":{"rendered":"<p>El martes 5 de mayo, la ciudad capital ser\u00e1 sede de una nueva edici\u00f3n de<\/p>\n","protected":false},"author":4,"featured_media":22167,"comment_status":"closed","ping_status":"closed","sticky":false,"template":"","format":"standard","meta":{"footnotes":""},"categories":[4],"tags":[],"class_list":["post-22166","post","type-post","status-publish","format-standard","has-post-thumbnail","hentry","category-la-provincia"],"_links":{"self":[{"href":"https:\/\/lavozpuntana.com\/index.php?rest_route=\/wp\/v2\/posts\/22166","targetHints":{"allow":["GET"]}}],"collection":[{"href":"https:\/\/lavozpuntana.com\/index.php?rest_route=\/wp\/v2\/posts"}],"about":[{"href":"https:\/\/lavozpuntana.com\/index.php?rest_route=\/wp\/v2\/types\/post"}],"author":[{"embeddable":true,"href":"https:\/\/lavozpuntana.com\/index.php?rest_route=\/wp\/v2\/users\/4"}],"replies":[{"embeddable":true,"href":"https:\/\/lavozpuntana.com\/index.php?rest_route=%2Fwp%2Fv2%2Fcomments&post=22166"}],"version-history":[{"count":1,"href":"https:\/\/lavozpuntana.com\/index.php?rest_route=\/wp\/v2\/posts\/22166\/revisions"}],"predecessor-version":[{"id":22168,"href":"https:\/\/lavozpuntana.com\/index.php?rest_route=\/wp\/v2\/posts\/22166\/revisions\/22168"}],"wp:featuredmedia":[{"embeddable":true,"href":"https:\/\/lavozpuntana.com\/index.php?rest_route=\/wp\/v2\/media\/22167"}],"wp:attachment":[{"href":"https:\/\/lavozpuntana.com\/index.php?rest_route=%2Fwp%2Fv2%2Fmedia&parent=22166"}],"wp:term":[{"taxonomy":"category","embeddable":true,"href":"https:\/\/lavozpuntana.com\/index.php?rest_route=%2Fwp%2Fv2%2Fcategories&post=22166"},{"taxonomy":"post_tag","embeddable":true,"href":"https:\/\/lavozpuntana.com\/index.php?rest_route=%2Fwp%2Fv2%2Ftags&post=22166"}],"curies":[{"name":"wp","href":"https:\/\/api.w.org\/{rel}","templated":true}]}}