{"id":22169,"date":"2026-04-29T13:56:13","date_gmt":"2026-04-29T16:56:13","guid":{"rendered":"https:\/\/lavozpuntana.com\/?p=22169"},"modified":"2026-04-29T13:56:14","modified_gmt":"2026-04-29T16:56:14","slug":"el-gobierno-busca-institucionalizar-el-apoyo-al-desarrollo-de-las-habilidades-matematicas","status":"publish","type":"post","link":"https:\/\/lavozpuntana.com\/?p=22169","title":{"rendered":"EL GOBIERNO BUSCA INSTITUCIONALIZAR EL APOYO AL DESARROLLO DE LAS HABILIDADES MATEM\u00c1TICAS"},"content":{"rendered":"\n<figure class=\"wp-block-image size-large\"><img loading=\"lazy\" decoding=\"async\" width=\"1024\" height=\"683\" src=\"https:\/\/lavozpuntana.com\/wp-content\/uploads\/2026\/04\/WhatsApp-Image-2026-04-28-at-13.52.00-1-scaled-1-1024x683.jpeg\" alt=\"\" class=\"wp-image-22170\" srcset=\"https:\/\/lavozpuntana.com\/wp-content\/uploads\/2026\/04\/WhatsApp-Image-2026-04-28-at-13.52.00-1-scaled-1-1024x683.jpeg 1024w, https:\/\/lavozpuntana.com\/wp-content\/uploads\/2026\/04\/WhatsApp-Image-2026-04-28-at-13.52.00-1-scaled-1-300x200.jpeg 300w, https:\/\/lavozpuntana.com\/wp-content\/uploads\/2026\/04\/WhatsApp-Image-2026-04-28-at-13.52.00-1-scaled-1-768x512.jpeg 768w, https:\/\/lavozpuntana.com\/wp-content\/uploads\/2026\/04\/WhatsApp-Image-2026-04-28-at-13.52.00-1-scaled-1-1536x1024.jpeg 1536w, https:\/\/lavozpuntana.com\/wp-content\/uploads\/2026\/04\/WhatsApp-Image-2026-04-28-at-13.52.00-1-scaled-1-2048x1366.jpeg 2048w\" sizes=\"auto, (max-width: 1024px) 100vw, 1024px\" \/><\/figure>\n\n\n\n<p><strong>El gobernador Claudio Poggi firm\u00f3 el proyecto de ley que enviar\u00e1 a la Legislatura y que tiene como horizonte el fortalecimiento de los procesos de ense\u00f1anza y las habilidades matem\u00e1ticas y de pensamiento cr\u00edtico.<\/strong><\/p>\n\n\n\n<p>Este martes, el gobernador Claudio Poggi rubric\u00f3 un proyecto que busca&nbsp;<strong>convertir en ley el fortalecimiento de los procesos de ense\u00f1anza y de las habilidades matem\u00e1ticas.<\/strong>&nbsp;En este sentido, apunta a institucionalizar el programa&nbsp;<strong>\u2018Queremos Resolver\u2019<\/strong>&nbsp;en todos los niveles de la educaci\u00f3n obligatoria, con el fin de consolidar la adquisici\u00f3n de competencias en el sistema educativo provincial.<\/p>\n\n\n\n<p>Al respecto, el ministro de Educaci\u00f3n, Guillermo Araujo, manifest\u00f3 que&nbsp;<strong>\u201clo que busca es que lo que hoy en d\u00eda estamos haciendo con el programa \u2018Queremos Resolver\u2019, trascienda los per\u00edodos de gobierno y se convierta en una pol\u00edtica permanente<\/strong>&nbsp;en algo tan fundamental como son las habilidades matem\u00e1ticas, el pensamiento cr\u00edtico, que son esenciales para el desarrollo en la vida y acad\u00e9mico de los alumnos\u201d.<\/p>\n\n\n\n<p>Asimismo, el funcionario record\u00f3 que \u201cen la apertura de sesiones, el Gobernador manifest\u00f3 que iba a enviar cuatro proyectos relacionados con educaci\u00f3n, relacionados con el reconocimiento de los docentes rurales, la obligatoriedad de la sala de tres a partir del 2028, el programa de fortalecimiento de comprensi\u00f3n lectora, y este es el cuarto proyecto que faltaba\u201d.<\/p>\n\n\n\n<p>Al igual que el programa, Araujo indic\u00f3 que el proyecto de ley contempla \u201cque este proceso de fortalecimiento debe contar con&nbsp;<strong>la entrega de materiales, con el acompa\u00f1amiento del Ministerio para la bajada en el aula, con capacitaci\u00f3n docente, y, por supuesto, con diagn\u00f3sticos<\/strong>&nbsp;para poder medir el el avance y el impacto de las medidas que se vayan tomando, para poder tener un panorama claro sobre d\u00f3nde hay que fortalecerlo\u201d.<\/p>\n\n\n\n<p>Tras la firma del Primer Mandatario, el proyecto ser\u00e1 enviado a la Legislatura, donde ser\u00e1 tratado en las comisiones pertinentes. Araujo precis\u00f3 que \u201cdesde el ministerio de Educaci\u00f3n tendremos participaci\u00f3n a disposici\u00f3n de los diputados y senadores para ir a explicar m\u00e1s sobre el tema\u201d.<\/p>\n","protected":false},"excerpt":{"rendered":"<p>El gobernador Claudio Poggi firm\u00f3 el proyecto de ley que enviar\u00e1 a la Legislatura y<\/p>\n","protected":false},"author":4,"featured_media":22170,"comment_status":"closed","ping_status":"closed","sticky":false,"template":"","format":"standard","meta":{"footnotes":""},"categories":[4],"tags":[],"class_list":["post-22169","post","type-post","status-publish","format-standard","has-post-thumbnail","hentry","category-la-provincia"],"_links":{"self":[{"href":"https:\/\/lavozpuntana.com\/index.php?rest_route=\/wp\/v2\/posts\/22169","targetHints":{"allow":["GET"]}}],"collection":[{"href":"https:\/\/lavozpuntana.com\/index.php?rest_route=\/wp\/v2\/posts"}],"about":[{"href":"https:\/\/lavozpuntana.com\/index.php?rest_route=\/wp\/v2\/types\/post"}],"author":[{"embeddable":true,"href":"https:\/\/lavozpuntana.com\/index.php?rest_route=\/wp\/v2\/users\/4"}],"replies":[{"embeddable":true,"href":"https:\/\/lavozpuntana.com\/index.php?rest_route=%2Fwp%2Fv2%2Fcomments&post=22169"}],"version-history":[{"count":1,"href":"https:\/\/lavozpuntana.com\/index.php?rest_route=\/wp\/v2\/posts\/22169\/revisions"}],"predecessor-version":[{"id":22171,"href":"https:\/\/lavozpuntana.com\/index.php?rest_route=\/wp\/v2\/posts\/22169\/revisions\/22171"}],"wp:featuredmedia":[{"embeddable":true,"href":"https:\/\/lavozpuntana.com\/index.php?rest_route=\/wp\/v2\/media\/22170"}],"wp:attachment":[{"href":"https:\/\/lavozpuntana.com\/index.php?rest_route=%2Fwp%2Fv2%2Fmedia&parent=22169"}],"wp:term":[{"taxonomy":"category","embeddable":true,"href":"https:\/\/lavozpuntana.com\/index.php?rest_route=%2Fwp%2Fv2%2Fcategories&post=22169"},{"taxonomy":"post_tag","embeddable":true,"href":"https:\/\/lavozpuntana.com\/index.php?rest_route=%2Fwp%2Fv2%2Ftags&post=22169"}],"curies":[{"name":"wp","href":"https:\/\/api.w.org\/{rel}","templated":true}]}}