{"id":22172,"date":"2026-04-30T11:57:00","date_gmt":"2026-04-30T14:57:00","guid":{"rendered":"https:\/\/lavozpuntana.com\/?p=22172"},"modified":"2026-04-30T11:57:00","modified_gmt":"2026-04-30T14:57:00","slug":"poggi-asistio-a-la-apertura-de-la-jornada-de-actualizacion-del-colegio-de-agrimensura","status":"publish","type":"post","link":"https:\/\/lavozpuntana.com\/?p=22172","title":{"rendered":"POGGI ASISTI\u00d3 A LA APERTURA DE LA JORNADA DE ACTUALIZACI\u00d3N DEL COLEGIO DE AGRIMENSURA"},"content":{"rendered":"\n<figure class=\"wp-block-image size-large\"><img loading=\"lazy\" decoding=\"async\" width=\"1024\" height=\"681\" src=\"https:\/\/lavozpuntana.com\/wp-content\/uploads\/2026\/04\/WhatsApp-Image-2026-04-30-at-10.02.32-1024x681.jpeg\" alt=\"\" class=\"wp-image-22173\" srcset=\"https:\/\/lavozpuntana.com\/wp-content\/uploads\/2026\/04\/WhatsApp-Image-2026-04-30-at-10.02.32-1024x681.jpeg 1024w, https:\/\/lavozpuntana.com\/wp-content\/uploads\/2026\/04\/WhatsApp-Image-2026-04-30-at-10.02.32-300x200.jpeg 300w, https:\/\/lavozpuntana.com\/wp-content\/uploads\/2026\/04\/WhatsApp-Image-2026-04-30-at-10.02.32-768x511.jpeg 768w, https:\/\/lavozpuntana.com\/wp-content\/uploads\/2026\/04\/WhatsApp-Image-2026-04-30-at-10.02.32-1536x1022.jpeg 1536w, https:\/\/lavozpuntana.com\/wp-content\/uploads\/2026\/04\/WhatsApp-Image-2026-04-30-at-10.02.32-2048x1362.jpeg 2048w\" sizes=\"auto, (max-width: 1024px) 100vw, 1024px\" \/><\/figure>\n\n\n\n<p><strong>El evento formativo presenta disertaciones sobre la Verificaci\u00f3n de la Subsistencia del Estado Parcelario (VSEP), su v\u00ednculo con la Ley Nacional 26.209 y su impacto en el tr\u00e1fico inmobiliario. El Jefe de Estado apreci\u00f3 el intercambio de conocimientos y el avance hacia un ordenamiento territorial.<\/strong><\/p>\n\n\n\n<p>Este jueves, el gobernador Claudio Poggi particip\u00f3 del inicio de la&nbsp;<strong>Jornada de Actualizaci\u00f3n Profesional, en el contexto de la Semana de la Agrimensura y del 65\u00b0 aniversario del Colegio de Agrimensores<\/strong>. La actividad se realiz\u00f3 en el Sal\u00f3n Malvinas Argentinas y tuvo como eje central la Verificaci\u00f3n de la Subsistencia del Estado Parcelario (VSEP).<\/p>\n\n\n\n<p>El Gobernador fue recibido por el presidente del Colegio de Agrimensura de San Luis, Pablo Federico Da Rold Garc\u00eda; el presidente de la Federaci\u00f3n Argentina de Agrimensura, Jorge Luis Soria; la secretaria de ese organismo, Evangelina Canales Cairo; el presidente del Consejo Federal de Catastro, Juan Pablo Quatropani, y el director de Catastro y Tierras Fiscales de San Luis, Dar\u00edo Crivello.<\/p>\n\n\n\n<p>En su discurso de bienvenida, Da Rold Garc\u00eda expres\u00f3 su felicidad por los 65 a\u00f1os de vida institucional. \u201cLa mejor manera&nbsp;de celebrarlo es acompa\u00f1ados de colegas.&nbsp;Vamos a tratar un tema muy importante como es la&nbsp;<strong>verificaci\u00f3n del estado parcelario<\/strong>,&nbsp;que est\u00e1 referida fundamentalmente a la verificaci\u00f3n de un profesional de la agrimensura en el terreno,&nbsp;a partir de un plan existente sobre la realidad jur\u00eddica, econ\u00f3mica y f\u00edsica\u201d, afirm\u00f3.<\/p>\n\n\n\n<p>Da Rold Garc\u00eda cont\u00f3 como an\u00e9cdota que arrib\u00f3 a San Luis para un trabajo&nbsp;de actualizaci\u00f3n del catastro territorial. En 1990,&nbsp;la Provincia fue una de las primeras que aprob\u00f3 las condiciones para acceder al pr\u00e9stamo, pero fue una de las \u00faltimas en implementar dicha pol\u00edtica.&nbsp;\u201cEsa aparente demora trajo una real mejora porque la&nbsp;Provincia se benefici\u00f3 un mont\u00f3n de la tecnolog\u00eda que surgi\u00f3 a finales de los \u201990\u201d, observ\u00f3.<\/p>\n\n\n\n<p>\u201cEn ese contexto, tanto la Ley Nacional de Catastro, la Ley Provincial de Catastro, como el Decreto&nbsp;Reglamentario, que son del a\u00f1o 2007 y 2009, prev\u00e9n la figura de la verificaci\u00f3n de la subsistencia&nbsp;del Estado nacional.&nbsp;Sin embargo, hasta ahora no fue implementado.&nbsp;<strong>Lo importante es que posiblemente&nbsp;nos beneficiemos cuando se tome la decisi\u00f3n de implementarla&nbsp;porque, justamente, vamos a escuchar todas las experiencias de las provincias que ya han implementado&nbsp;esta herramienta<\/strong>\u201c, valor\u00f3. En suma, el Presidente destac\u00f3 que esta acci\u00f3n proporciona seguridad jur\u00eddica&nbsp;y equidad tributaria.<\/p>\n\n\n\n<p>Por su parte,&nbsp;<strong>el Primer Mandatario valor\u00f3 el \u2018turismo de congresos\u2019<\/strong>, que acerca a profesionales de diferentes puntos del pa\u00eds para compartir sus conocimientos.&nbsp;\u201cLa provincia de San Luis, le dec\u00eda al presidente de la Federaci\u00f3n,&nbsp;trata de acompa\u00f1ar este tipo de eventos profesionales, corporativos o sindicales&nbsp;federales. Intentamos ser anfitriones y contribuir.&nbsp;Estaba viendo las ponencias de hoy, que tienen que ver con avances&nbsp;de actualizaciones profesionales y c\u00f3mo se van implementando. En este caso, en San Luis y en las dem\u00e1s provincias argentinas&nbsp;a partir de experiencias comparadas, que creo que es la mejor manera de trabajar:<strong>&nbsp;copiar los modelos exitosos y&nbsp;adaptarlos a la realidad de cada provincia&nbsp;para avanzar m\u00e1s r\u00e1pido<\/strong>\u201c, sostuvo.<\/p>\n\n\n\n<p>\u201cEn el a\u00f1o 1995 o 1996, hace 30 a\u00f1os,&nbsp;me toc\u00f3 una responsabilidad&nbsp;de&nbsp;ser secretario de Hacienda, de la cual depend\u00edan las \u00e1reas contables,&nbsp;presupuestarias, pero tambi\u00e9n rentas y catastro.&nbsp;Ven\u00eda&nbsp;todo este programa de modernizaci\u00f3n tecnol\u00f3gica,&nbsp;donde hab\u00eda financiamiento internacional para modernizar los catastros:<strong>&nbsp;pasar del papel a lo digital.<\/strong>&nbsp;Nos reunimos con Catastro y&nbsp;ten\u00edamos muy poquito dinero\u201d, rememor\u00f3.<\/p>\n\n\n\n<p>\u201cHab\u00eda que encarar estas reformas modernas y&nbsp;no ten\u00edamos recursos humanos profesionales&nbsp;que tuvieran esa visi\u00f3n.&nbsp;Entonces, yo dije \u201cBueno, me voy a San Juan,&nbsp;que tienen la Facultad de Agrimensura\u201d. Ped\u00ed la reuni\u00f3n con el decano (me acuerdo como si fuera hoy, el ingeniero Lizana)&nbsp;y le pregunt\u00e9 si \u00e9l me pod\u00eda proveer&nbsp;los tres mejores promedios que hab\u00edan egresado de la carrera&nbsp;del a\u00f1o anterior. Me pas\u00f3 el nombre y los tel\u00e9fonos\u201d, record\u00f3.<\/p>\n\n\n\n<p>\u201cHabl\u00e9 con los tres.&nbsp;Uno dijo que ten\u00eda trabajo,&nbsp;y&nbsp;Sergio Da Rold y Alejandro Munizaga&nbsp;se vinieron conmigo a San Luis casi ese d\u00eda o&nbsp;a la semana.&nbsp;<strong>Fueron los jefes del proyecto&nbsp;de lo que fue la primera modernizaci\u00f3n digital&nbsp;de nuestro catastro provincial<\/strong>\u201c, acot\u00f3. Adem\u00e1s, trajo a colaci\u00f3n el programa \u2018Escritur\u00e1 tu Casa\u2019, que desde el inicio de gesti\u00f3n ha contribuido a la seguridad jur\u00eddica y, a la vez, a la normalizaci\u00f3n o revalorizaci\u00f3n del t\u00edtulo.<\/p>\n\n\n\n<p>El presidente de la Federaci\u00f3n Argentina de Agrimensura, Jorge Luis Soria, tom\u00f3 la palabra y manifest\u00f3&nbsp;que aplicaci\u00f3n de la Ley Nacional de Catastro es una necesidad seria. \u201cVamos a tener una conferencia muy buena con una representante de Santiago del Estero,&nbsp;que nos va a contar un mont\u00f3n de razonamientos al respecto&nbsp;de esta necesidad\u201d, dijo.<\/p>\n\n\n\n<p>Asimismo, se mostr\u00f3 satisfecho porque \u201ces un paso m\u00e1s hacia un concepto fundamental&nbsp;que necesitamos en la Rep\u00fablica Argentina, que es la&nbsp;<strong>seguridad jur\u00eddica<\/strong>.&nbsp;La seguridad jur\u00eddica no como un mero decir de una conjunci\u00f3n de palabras,&nbsp;sino como una realidad a la hora de los cotidiano, fundamentalmente en lo que tiene que ver&nbsp;con la transmisi\u00f3n, constituci\u00f3n, modificaci\u00f3n o extinci\u00f3n de los derechos reales\u201d.<\/p>\n\n\n\n<p>Posteriormente, el Jefe de Estado se retir\u00f3 para emprender una jornada laboral en la ciudad de Villa Mercedes. No obstante, la capacitaci\u00f3n continuar\u00e1 hasta las 13:00 con especialistas de diferentes provincias, quienes compartir\u00e1n las ventajas y experiencias de la tem\u00e1tica catastral.<\/p>\n\n\n\n<p>Da Rold Garc\u00eda, el presidente del Colegio de Agrimensura, precis\u00f3 que la jornada formativa est\u00e1 dirigida principalmente a agrimensores, pero tambi\u00e9n a abogados y escribanos. \u201cLa Verificaci\u00f3n del Estado Parcelario (VSEP) es una herramienta que est\u00e1 prevista para que los tr\u00e1mites de actualizaci\u00f3n, tanto en la parte de dominio o la titularidad del due\u00f1o de la tierra, como en la parte econ\u00f3mica o las mejoras que tiene, sea mucho m\u00e1s fluida para el tr\u00e1mite\u201d, apunt\u00f3.<\/p>\n\n\n\n<p>\u201c<strong>Permite que no se trabe el tr\u00e1fico inmobiliario<\/strong>&nbsp;y, al hacer esa verificaci\u00f3n por parte de un profesional de la agrimensura, se asegura tambi\u00e9n la informaci\u00f3n de la parte f\u00edsica de la parcela, lo que nosotros conocemos como los deslindes o medianeras\u201d, a\u00f1adi\u00f3. \u201cEsto todav\u00eda no se aplica en la provincia de San Luis, pero nosotros estamos convencidos que, con las nuevas tecnolog\u00edas, el aprovechamiento de los nuevas generaciones de profesionales, la adecuaci\u00f3n de procedimientos de repartici\u00f3n y los agrimensores (que tenemos que ponernos a estudiar tambi\u00e9n) se puede llegar a implementar en corto plazo\u201d, articul\u00f3.<\/p>\n\n\n\n<p>Tras ser consultado sobre cu\u00e1l es el beneficio para los vecinos, contest\u00f3 que en este caso&nbsp;<strong>se favorece al propietario<\/strong>: \u201cPara el propietario, lo m\u00e1s importante es que el tr\u00e1mite, cuando \u00e9l quiera vender, puede tardar entre 48 y 96 horas como mucho, frente a quiz\u00e1s un mes o dos meses, como tarda hoy d\u00eda un plano de mensura\u201d.<\/p>\n\n\n\n<p>Formar\u00e1n parte del evento el presidente del Colegio de Abogados, Jos\u00e9 Gabriel Alesandro; el presidente del Colegio de Escribanos, Martin Rachid; la fiscal de Estado, Fabiana Z\u00e1rate; la presidenta del Colegio de Martilleros y Corredores P\u00fablicos de San Luis, Mar\u00eda Elena Edith Lucero de Tamayo; el director de Rentas, Alberto Ra\u00fal Crespo; la directora del Registro de la Propiedad Inmueble, Paula Heredia, y el subdirector de Catastro de la Provincia de Mendoza, Ingeniero Agrimensor Gustavo Garc\u00eda.<\/p>\n","protected":false},"excerpt":{"rendered":"<p>El evento formativo presenta disertaciones sobre la Verificaci\u00f3n de la Subsistencia del Estado Parcelario (VSEP),<\/p>\n","protected":false},"author":4,"featured_media":22173,"comment_status":"closed","ping_status":"closed","sticky":false,"template":"","format":"standard","meta":{"footnotes":""},"categories":[4],"tags":[],"class_list":["post-22172","post","type-post","status-publish","format-standard","has-post-thumbnail","hentry","category-la-provincia"],"_links":{"self":[{"href":"https:\/\/lavozpuntana.com\/index.php?rest_route=\/wp\/v2\/posts\/22172","targetHints":{"allow":["GET"]}}],"collection":[{"href":"https:\/\/lavozpuntana.com\/index.php?rest_route=\/wp\/v2\/posts"}],"about":[{"href":"https:\/\/lavozpuntana.com\/index.php?rest_route=\/wp\/v2\/types\/post"}],"author":[{"embeddable":true,"href":"https:\/\/lavozpuntana.com\/index.php?rest_route=\/wp\/v2\/users\/4"}],"replies":[{"embeddable":true,"href":"https:\/\/lavozpuntana.com\/index.php?rest_route=%2Fwp%2Fv2%2Fcomments&post=22172"}],"version-history":[{"count":1,"href":"https:\/\/lavozpuntana.com\/index.php?rest_route=\/wp\/v2\/posts\/22172\/revisions"}],"predecessor-version":[{"id":22174,"href":"https:\/\/lavozpuntana.com\/index.php?rest_route=\/wp\/v2\/posts\/22172\/revisions\/22174"}],"wp:featuredmedia":[{"embeddable":true,"href":"https:\/\/lavozpuntana.com\/index.php?rest_route=\/wp\/v2\/media\/22173"}],"wp:attachment":[{"href":"https:\/\/lavozpuntana.com\/index.php?rest_route=%2Fwp%2Fv2%2Fmedia&parent=22172"}],"wp:term":[{"taxonomy":"category","embeddable":true,"href":"https:\/\/lavozpuntana.com\/index.php?rest_route=%2Fwp%2Fv2%2Fcategories&post=22172"},{"taxonomy":"post_tag","embeddable":true,"href":"https:\/\/lavozpuntana.com\/index.php?rest_route=%2Fwp%2Fv2%2Ftags&post=22172"}],"curies":[{"name":"wp","href":"https:\/\/api.w.org\/{rel}","templated":true}]}}