{"id":22175,"date":"2026-04-30T12:00:22","date_gmt":"2026-04-30T15:00:22","guid":{"rendered":"https:\/\/lavozpuntana.com\/?p=22175"},"modified":"2026-04-30T12:00:23","modified_gmt":"2026-04-30T15:00:23","slug":"el-sistema-publico-de-salud-recibira-un-premio-internacional-por-el-tratamiento-del-acv-isquemico","status":"publish","type":"post","link":"https:\/\/lavozpuntana.com\/?p=22175","title":{"rendered":"EL SISTEMA P\u00daBLICO DE SALUD RECIBIR\u00c1 UN PREMIO INTERNACIONAL POR EL TRATAMIENTO DEL ACV ISQU\u00c9MICO"},"content":{"rendered":"\n<figure class=\"wp-block-image size-large\"><img loading=\"lazy\" decoding=\"async\" width=\"1024\" height=\"768\" src=\"https:\/\/lavozpuntana.com\/wp-content\/uploads\/2026\/04\/DJI_0047-Mejorado-NR-1-1024x768.jpg\" alt=\"\" class=\"wp-image-22176\" srcset=\"https:\/\/lavozpuntana.com\/wp-content\/uploads\/2026\/04\/DJI_0047-Mejorado-NR-1-1024x768.jpg 1024w, https:\/\/lavozpuntana.com\/wp-content\/uploads\/2026\/04\/DJI_0047-Mejorado-NR-1-300x225.jpg 300w, https:\/\/lavozpuntana.com\/wp-content\/uploads\/2026\/04\/DJI_0047-Mejorado-NR-1-768x576.jpg 768w, https:\/\/lavozpuntana.com\/wp-content\/uploads\/2026\/04\/DJI_0047-Mejorado-NR-1-720x540.jpg 720w, https:\/\/lavozpuntana.com\/wp-content\/uploads\/2026\/04\/DJI_0047-Mejorado-NR-1.jpg 1250w\" sizes=\"auto, (max-width: 1024px) 100vw, 1024px\" \/><\/figure>\n\n\n\n<p><strong>El reconocimiento ser\u00e1 anunciado el 26, 27 y 28 de mayo en el evento \u2018Global Stroke Alliance\u2019, lo que posiciona a la provincia como un centro de referencia a nivel nacional e internacional.<\/strong><\/p>\n\n\n\n<p>El Sistema P\u00fablico de Salud, a trav\u00e9s del Hospital Central \u2018Dr. Ramon Carrillo\u2019, recibir\u00e1 un importante reconocimiento por parte de la World Stroke Organization e Iniciativa Angels en relaci\u00f3n al trabajo que realiza en el tratamiento con la Unidad de Stroke (ACV Isqu\u00e9mico).<\/p>\n\n\n\n<p>El reconocimiento es a la excelencia en la atenci\u00f3n a pacientes con accidente cerebrovascular, siendo esta una de las patolog\u00edas tiempo-dependientes m\u00e1s importantes, junto con el infarto agudo de miocardio, las cuales presentan la mayor mortalidad y comorbilidades, e impacto en la vida de las personas y en las familias que acompa\u00f1an y sufren a la par.<\/p>\n\n\n\n<p>Este premio ser\u00e1 mencionado en el evento \u2018Global Stroke Alliance\u2019, a realizarse en la Ciudad de Buenos Aires el 26, 27 y 28 de mayo entreg\u00e1ndose efectivamente el pr\u00f3ximo a\u00f1o, lo que posiciona al Hospital Central como un centro de referencia a nivel nacional e internacional, junto con otros centros de referencia mundiales.<\/p>\n\n\n\n<p>La excelencia en la atenci\u00f3n se logr\u00f3 a trav\u00e9s de un trabajo en equipo, interdisciplinario, que se realiza desde el Servicio de Urgencia y Emergencia (SUE) del Hospital, con la participaci\u00f3n de todos los sectores y servicios hospitalarios involucrados, m\u00e1s la participaci\u00f3n fundamental del Servicio de Neurolog\u00eda.<\/p>\n\n\n\n<p>Esta actividad plant\u00f3 las bases en 2024 para crear el Comit\u00e9 de Stroke y la Unidad de Stroke en el Hospital Central, cambiando as\u00ed la evoluci\u00f3n de los pacientes que presentan esta patolog\u00eda, disminuyendo las complicaciones, la evoluci\u00f3n y secuelas posteriores, realizando un abordaje y tratamiento precoz de la misma, valorando la integralidad que concierne al ser humano, en un contexto muy amplio de interpretaci\u00f3n, definido por la Organizaci\u00f3n Mundial de la Salud como ser integral que requiere bienestar f\u00edsico, mental y social.<\/p>\n\n\n\n<p>Si bien el trabajo comenz\u00f3 en 2024, la \u2018Jornada de ACV\u2019 realizada en septiembre de 2025 y la participaci\u00f3n en el Congreso Iberoamericano de Panam\u00e1 \u2018Global Stroke Alliance\u2019, en el que se centr\u00f3 la atenci\u00f3n en el diagn\u00f3stico precoz, y tratamiento inmediato y oportuno, certific\u00f3 al Hospital como centro regional de excelencia en el abordaje de esta patolog\u00eda.<\/p>\n\n\n\n<p>Teniendo en cuenta que el accidente cerebrovascular es una patolog\u00eda que es evitable en un 80% de los casos, realizando cambios de h\u00e1bitos saludables, el Sistema P\u00fablico de Salud cuenta con programas de prevenci\u00f3n de la salud, que incluye \u2018Esperas activas\u2019 para los pacientes, \u2018Jornadas saludables\u2019, \u2018Grandes Amigos Salud\u2019 para las personas mayores, programas&nbsp; de investigaci\u00f3n nutricionales para todo tipo de patolog\u00edas, siguiendo la instrucciones del gobernador Claudio Poggi y que, entre otras actividades, aportan a la calidad de atenci\u00f3n.<\/p>\n","protected":false},"excerpt":{"rendered":"<p>El reconocimiento ser\u00e1 anunciado el 26, 27 y 28 de mayo en el evento \u2018Global<\/p>\n","protected":false},"author":4,"featured_media":22176,"comment_status":"closed","ping_status":"closed","sticky":false,"template":"","format":"standard","meta":{"footnotes":""},"categories":[4],"tags":[],"class_list":["post-22175","post","type-post","status-publish","format-standard","has-post-thumbnail","hentry","category-la-provincia"],"_links":{"self":[{"href":"https:\/\/lavozpuntana.com\/index.php?rest_route=\/wp\/v2\/posts\/22175","targetHints":{"allow":["GET"]}}],"collection":[{"href":"https:\/\/lavozpuntana.com\/index.php?rest_route=\/wp\/v2\/posts"}],"about":[{"href":"https:\/\/lavozpuntana.com\/index.php?rest_route=\/wp\/v2\/types\/post"}],"author":[{"embeddable":true,"href":"https:\/\/lavozpuntana.com\/index.php?rest_route=\/wp\/v2\/users\/4"}],"replies":[{"embeddable":true,"href":"https:\/\/lavozpuntana.com\/index.php?rest_route=%2Fwp%2Fv2%2Fcomments&post=22175"}],"version-history":[{"count":1,"href":"https:\/\/lavozpuntana.com\/index.php?rest_route=\/wp\/v2\/posts\/22175\/revisions"}],"predecessor-version":[{"id":22177,"href":"https:\/\/lavozpuntana.com\/index.php?rest_route=\/wp\/v2\/posts\/22175\/revisions\/22177"}],"wp:featuredmedia":[{"embeddable":true,"href":"https:\/\/lavozpuntana.com\/index.php?rest_route=\/wp\/v2\/media\/22176"}],"wp:attachment":[{"href":"https:\/\/lavozpuntana.com\/index.php?rest_route=%2Fwp%2Fv2%2Fmedia&parent=22175"}],"wp:term":[{"taxonomy":"category","embeddable":true,"href":"https:\/\/lavozpuntana.com\/index.php?rest_route=%2Fwp%2Fv2%2Fcategories&post=22175"},{"taxonomy":"post_tag","embeddable":true,"href":"https:\/\/lavozpuntana.com\/index.php?rest_route=%2Fwp%2Fv2%2Ftags&post=22175"}],"curies":[{"name":"wp","href":"https:\/\/api.w.org\/{rel}","templated":true}]}}