{"id":22178,"date":"2026-04-30T12:02:20","date_gmt":"2026-04-30T15:02:20","guid":{"rendered":"https:\/\/lavozpuntana.com\/?p=22178"},"modified":"2026-04-30T12:02:20","modified_gmt":"2026-04-30T15:02:20","slug":"escuelas-y-agrupaciones-de-san-luis-ya-pueden-inscribirse-para-participar-del-desfile-del-25-de-mayo","status":"publish","type":"post","link":"https:\/\/lavozpuntana.com\/?p=22178","title":{"rendered":"ESCUELAS Y AGRUPACIONES DE SAN LUIS YA PUEDEN INSCRIBIRSE PARA PARTICIPAR DEL DESFILE DEL 25 DE MAYO"},"content":{"rendered":"\n<figure class=\"wp-block-image size-full\"><img loading=\"lazy\" decoding=\"async\" width=\"900\" height=\"600\" src=\"https:\/\/lavozpuntana.com\/wp-content\/uploads\/2026\/04\/1000883573-1.jpg\" alt=\"\" class=\"wp-image-22179\" srcset=\"https:\/\/lavozpuntana.com\/wp-content\/uploads\/2026\/04\/1000883573-1.jpg 900w, https:\/\/lavozpuntana.com\/wp-content\/uploads\/2026\/04\/1000883573-1-300x200.jpg 300w, https:\/\/lavozpuntana.com\/wp-content\/uploads\/2026\/04\/1000883573-1-768x512.jpg 768w\" sizes=\"auto, (max-width: 900px) 100vw, 900px\" \/><\/figure>\n\n\n\n<p><strong>Desde este&nbsp;jueves 30 de abril y hasta el viernes 15 de mayo, las instituciones educativas de nivel Secundario de la Regi\u00f3n I, agrupaciones culturales, deportivas, academias y asociaciones civiles de la ciudad capital y localidades cercanas se podr\u00e1n inscribir, de manera voluntaria, a trav\u00e9s de&nbsp;un formulario \u00fanico&nbsp;para ser parte de la celebraci\u00f3n por el 216\u00b0 aniversario de la Revoluci\u00f3n Patria.<\/strong><\/p>\n\n\n\n<p>El desfile c\u00edvico militar se llevar\u00e1 a cabo el&nbsp;<strong>lunes 25 de mayo desde las 11:00&nbsp;<\/strong>y ser\u00e1 por avenida Espa\u00f1a, en el tramo que comprende las calles Rivadavia\/Estado de Israel y Mitre, siendo esta \u00faltima el punto de desconcentraci\u00f3n de las delegaciones participantes.<\/p>\n\n\n\n<p><strong>Link de formulario \u00fanico de inscripci\u00f3n:<\/strong><\/p>\n\n\n\n<p>Cada escuela o agrupaci\u00f3n deber\u00e1 completar&nbsp;<a href=\"https:\/\/docs.google.com\/forms\/d\/e\/1FAIpQLSe-al7EmaXc6YaW0zfUzTxtt0Fpn6606FZhom22QRBcOYnLKA\/viewform?usp=sharing&amp;ouid=11057004756991740811\">\u00fanicamente los campos que le correspondan<\/a>. Asimismo, el mi\u00e9rcoles 20 de mayo, cada ministerio enviar\u00e1 al correo electr\u00f3nico consignado en el registro: el orden del desfile, el plano general y la informaci\u00f3n correspondiente a la jornada.<\/p>\n\n\n\n<p><strong>Informaci\u00f3n para escuelas<\/strong><\/p>\n\n\n\n<p>Podr\u00e1n participar todas las escuelas de la regi\u00f3n educativa I. Las instituciones podr\u00e1n inscribirse desde el&nbsp;<strong>jueves 30 de abril hasta el viernes 15 de mayo a las 13:00, sin excepci\u00f3n<\/strong>. Se solicita respetar los datos consignados, especialmente los nombres de abanderados y escoltas, ya que por razones de orden y organizaci\u00f3n&nbsp;<strong>\u00fanicamente&nbsp;<\/strong>se realizar\u00e1n modificaciones hasta el d\u00eda martes 19 de mayo.&nbsp;<\/p>\n\n\n\n<p>Al momento de la inscripci\u00f3n, las instituciones deber\u00e1n consignar:&nbsp;<strong>nombre y apellido&nbsp;<\/strong>del estudiante que porta el estandarte; composici\u00f3n de los cuerpos de bandera (abanderado y escoltas); y, en caso de contar con otra bandera, el nombre de la insignia y su correspondiente cuerpo de bandera. Asimismo, se deber\u00e1 adjuntar una rese\u00f1a institucional (glosa) de no m\u00e1s de dos p\u00e1rrafos (hasta ocho renglones), junto con los datos de los docentes acompa\u00f1antes.<\/p>\n\n\n\n<p>Las promociones no tendr\u00e1n l\u00edmite de participantes y podr\u00e1n asistir con el uniforme oficial de la instituci\u00f3n o con indumentaria identificatoria de la promoci\u00f3n, si as\u00ed lo prefieren.&nbsp;<strong>No se permitir\u00e1 el uso de banderas representativas de la \u2018Promo\u2019<\/strong>.<\/p>\n\n\n\n<p>El orden de pasada de las escuelas se establecer\u00e1 seg\u00fan la inscripci\u00f3n. Del mismo modo, el&nbsp;<strong>mi\u00e9rcoles 20 de mayo<\/strong>&nbsp;se enviar\u00e1, al&nbsp;<strong>correo electr\u00f3nico con el que se realiz\u00f3 la inscripci\u00f3n<\/strong>&nbsp;en el formulario, la ubicaci\u00f3n asignada a cada instituci\u00f3n junto con la informaci\u00f3n organizativa correspondiente. Al igual que el a\u00f1o anterior, las escuelas estar\u00e1n agrupadas en bloques de diez instituciones, identificadas entre las letras&nbsp;<strong>\u2018A\u2019 y \u2018K\u2019<\/strong>, cada una a cargo de un funcionario del ministerio de Educaci\u00f3n.&nbsp;<\/p>\n\n\n\n<p>La concentraci\u00f3n de escuelas ser\u00e1 el&nbsp;<strong>lunes 25 de mayo a las 10:00&nbsp;<\/strong>sobre avenida Espa\u00f1a, en el tramo comprendido entre Estado de Israel\/Rivadavia y avenida Presidente Per\u00f3n.<\/p>\n\n\n\n<p>En relaci\u00f3n con el&nbsp;<strong>seguro<\/strong>&nbsp;de los estudiantes participantes, para las escuelas p\u00fablicas provinciales, autogestionadas y generativas, la inscripci\u00f3n en el formulario ser\u00e1 suficiente para su inclusi\u00f3n en el Seguro Escolar vigente, sin necesidad de realizar gestiones adicionales.<\/p>\n\n\n\n<p>Por consultas comunicarse por v\u00eda telef\u00f3nica al n\u00famero que corresponda:<\/p>\n\n\n\n<ul class=\"wp-block-list\">\n<li>Ministerio de Educaci\u00f3n:\u00a0<strong>2664-452000\u00a0<\/strong>interno\u00a0<strong>3634<\/strong>.<\/li>\n\n\n\n<li>Ministerio de Turismo y Cultura:\u00a0<strong>2664-452000\u00a0<\/strong>interno\u00a0<strong>4272<\/strong>.\u00a0<\/li>\n\n\n\n<li>Ministerio de Seguridad:\u00a0<strong>2664-452000\u00a0<\/strong>interno\u00a0<strong>3288<\/strong>.\u00a0<\/li>\n\n\n\n<li>Secretar\u00eda de Deportes:\u00a0<strong>2664-452000\u00a0<\/strong>interno\u00a0<strong>3335<\/strong>.\u00a0<\/li>\n\n\n\n<li>Secretar\u00eda de Discapacidad:\u00a0<strong>2664-452000\u00a0<\/strong>interno\u00a0<strong>1051<\/strong>.\u00a0<\/li>\n\n\n\n<li>Desarrollo Humano:\u00a0<strong>2664-452000<\/strong>\u00a0internos\u00a0<strong>6200.<\/strong><\/li>\n<\/ul>\n","protected":false},"excerpt":{"rendered":"<p>Desde este&nbsp;jueves 30 de abril y hasta el viernes 15 de mayo, las instituciones educativas<\/p>\n","protected":false},"author":4,"featured_media":22179,"comment_status":"closed","ping_status":"closed","sticky":false,"template":"","format":"standard","meta":{"footnotes":""},"categories":[4],"tags":[],"class_list":["post-22178","post","type-post","status-publish","format-standard","has-post-thumbnail","hentry","category-la-provincia"],"_links":{"self":[{"href":"https:\/\/lavozpuntana.com\/index.php?rest_route=\/wp\/v2\/posts\/22178","targetHints":{"allow":["GET"]}}],"collection":[{"href":"https:\/\/lavozpuntana.com\/index.php?rest_route=\/wp\/v2\/posts"}],"about":[{"href":"https:\/\/lavozpuntana.com\/index.php?rest_route=\/wp\/v2\/types\/post"}],"author":[{"embeddable":true,"href":"https:\/\/lavozpuntana.com\/index.php?rest_route=\/wp\/v2\/users\/4"}],"replies":[{"embeddable":true,"href":"https:\/\/lavozpuntana.com\/index.php?rest_route=%2Fwp%2Fv2%2Fcomments&post=22178"}],"version-history":[{"count":1,"href":"https:\/\/lavozpuntana.com\/index.php?rest_route=\/wp\/v2\/posts\/22178\/revisions"}],"predecessor-version":[{"id":22180,"href":"https:\/\/lavozpuntana.com\/index.php?rest_route=\/wp\/v2\/posts\/22178\/revisions\/22180"}],"wp:featuredmedia":[{"embeddable":true,"href":"https:\/\/lavozpuntana.com\/index.php?rest_route=\/wp\/v2\/media\/22179"}],"wp:attachment":[{"href":"https:\/\/lavozpuntana.com\/index.php?rest_route=%2Fwp%2Fv2%2Fmedia&parent=22178"}],"wp:term":[{"taxonomy":"category","embeddable":true,"href":"https:\/\/lavozpuntana.com\/index.php?rest_route=%2Fwp%2Fv2%2Fcategories&post=22178"},{"taxonomy":"post_tag","embeddable":true,"href":"https:\/\/lavozpuntana.com\/index.php?rest_route=%2Fwp%2Fv2%2Ftags&post=22178"}],"curies":[{"name":"wp","href":"https:\/\/api.w.org\/{rel}","templated":true}]}}