{"id":22181,"date":"2026-04-30T12:10:25","date_gmt":"2026-04-30T15:10:25","guid":{"rendered":"https:\/\/lavozpuntana.com\/?p=22181"},"modified":"2026-04-30T12:10:25","modified_gmt":"2026-04-30T15:10:25","slug":"hora-mas-131-docentes-vieron-reflejado-en-sus-haberes-de-abril-el-beneficio-de-la-implementacion","status":"publish","type":"post","link":"https:\/\/lavozpuntana.com\/?p=22181","title":{"rendered":"\u2018HORA M\u00c1S\u2019: 131 DOCENTES VIERON REFLEJADO EN SUS HABERES DE ABRIL EL BENEFICIO DE LA IMPLEMENTACI\u00d3N\u00a0"},"content":{"rendered":"\n<figure class=\"wp-block-image size-large\"><img loading=\"lazy\" decoding=\"async\" width=\"1024\" height=\"619\" src=\"https:\/\/lavozpuntana.com\/wp-content\/uploads\/2026\/04\/1000882621-1024x619.jpg\" alt=\"\" class=\"wp-image-22182\" srcset=\"https:\/\/lavozpuntana.com\/wp-content\/uploads\/2026\/04\/1000882621-1024x619.jpg 1024w, https:\/\/lavozpuntana.com\/wp-content\/uploads\/2026\/04\/1000882621-300x181.jpg 300w, https:\/\/lavozpuntana.com\/wp-content\/uploads\/2026\/04\/1000882621-768x465.jpg 768w, https:\/\/lavozpuntana.com\/wp-content\/uploads\/2026\/04\/1000882621.jpg 1078w\" sizes=\"auto, (max-width: 1024px) 100vw, 1024px\" \/><\/figure>\n\n\n\n<p><strong>La medida se enmarca en el programa de ampliaci\u00f3n de la jornada escolar y contempla una retribuci\u00f3n de sus haberes espec\u00edfico para quienes est\u00e1n frente a alumnos, fortaleciendo el tiempo pedag\u00f3gico en las aulas.<\/strong><\/p>\n\n\n\n<p><strong>El Gobierno formaliz\u00f3 la implementaci\u00f3n de la extensi\u00f3n horaria en escuelas primarias, una pol\u00edtica que suma una hora m\u00e1s de clase por d\u00eda y que ya alcanza a 131 docentes y directivos que cumplen funciones frente a alumnos.<\/strong>&nbsp;La iniciativa tiene como objetivo garantizar un m\u00ednimo de 25 horas semanales de ense\u00f1anza en el nivel Primario y fortalecer los aprendizajes, especialmente en lengua y matem\u00e1tica.<\/p>\n\n\n\n<p>En este marco, la extensi\u00f3n horaria implica la ampliaci\u00f3n del tiempo escolar como herramienta pedag\u00f3gica y tambi\u00e9n un reconocimiento econ\u00f3mico para quienes asumen esta responsabilidad, que se ver\u00e1 reflejado en el recibo de sueldo del mes de abril.<\/p>\n\n\n\n<p>Asimismo, comienza a implementarse el \u00edtem \u2018<strong>Ense\u00f1anza en aula\u2019<\/strong>, destinado a los docentes de nivel Inicial y Primario que se desempe\u00f1an frente a alumnos, el cual establece un adicional bruto de<strong>&nbsp;$125.000<\/strong>&nbsp;a partir de este mes.<\/p>\n\n\n\n<p>La implementaci\u00f3n es gradual y responde a las particularidades de cada instituci\u00f3n, permitiendo adaptar la extensi\u00f3n de la jornada seg\u00fan la organizaci\u00f3n escolar. En una primera etapa, la medida se aplic\u00f3 en 16 establecimientos educativos de distintos puntos de la provincia.<\/p>\n\n\n\n<p><strong>Escuelas donde comenzar\u00e1 a implementarse el programa:<\/strong><\/p>\n\n\n\n<p><strong>San Luis<\/strong><\/p>\n\n\n\n<ul class=\"wp-block-list\">\n<li>Centro Educativo N\u00b028 \u2018Dr. Ren\u00e9 Favaloro\u2019.<\/li>\n\n\n\n<li>Escuela N\u00b0423 \u2018Brigadier General Don Juan Manuel de Rosas\u2019.<\/li>\n\n\n\n<li>Escuela N\u00b07 \u2018Constancio C. Vigil\u2019.<\/li>\n\n\n\n<li>Escuela N\u00b066 \u2018Monse\u00f1or Tibiletti\u2019.<\/li>\n\n\n\n<li>Escuela N\u00b049 \u2018Gobernador Lindor Quiroga\u2019.<\/li>\n<\/ul>\n\n\n\n<p><strong>Villa Mercedes<\/strong><\/p>\n\n\n\n<ul class=\"wp-block-list\">\n<li>Escuela N\u00b0187 \u2018Jos\u00e9 Hern\u00e1ndez\u2019.<\/li>\n\n\n\n<li>Escuela N\u00b069 \u2018Olga Sarden\u2019.<\/li>\n\n\n\n<li>Escuela N\u00b011 \u20182 de Abril\u2019.<\/li>\n<\/ul>\n\n\n\n<p><strong>Juana Koslay<\/strong><\/p>\n\n\n\n<ul class=\"wp-block-list\">\n<li>Escuela N\u00b0139 \u2018Bartolom\u00e9 Mitre\u2019.<\/li>\n<\/ul>\n\n\n\n<p><strong>Los Algarrobos Blancos<\/strong><\/p>\n\n\n\n<ul class=\"wp-block-list\">\n<li>Escuela N\u00b0228 \u2018Gob. Juan Sa\u00e1\u2019.<\/li>\n<\/ul>\n\n\n\n<p><strong>Zanjitas<\/strong><\/p>\n\n\n\n<ul class=\"wp-block-list\">\n<li>Escuela N\u00b013 \u2018Ant\u00e1rtida Argentina\u2019.<\/li>\n<\/ul>\n\n\n\n<p><strong>Justo Daract<\/strong><\/p>\n\n\n\n<ul class=\"wp-block-list\">\n<li>Escuela N\u00b0429 \u2018Gregorio Ag\u00fcero\u2019.<\/li>\n<\/ul>\n\n\n\n<p><strong>Arizona<\/strong><\/p>\n\n\n\n<ul class=\"wp-block-list\">\n<li>Escuela N\u00b045 \u2018Juan De Dios Escobar\u2019.<\/li>\n<\/ul>\n\n\n\n<p><strong>Naschel<\/strong><\/p>\n\n\n\n<ul class=\"wp-block-list\">\n<li>Escuela N\u00b0250 \u2018Tom\u00e1s Espora\u2019.<\/li>\n<\/ul>\n\n\n\n<p><strong>Luj\u00e1n<\/strong><\/p>\n\n\n\n<ul class=\"wp-block-list\">\n<li>Escuela N\u00b0297 \u2018Maestro Celestino G\u00f3mez\u2019.<\/li>\n<\/ul>\n\n\n\n<p><strong>Beazley<\/strong><\/p>\n\n\n\n<ul class=\"wp-block-list\">\n<li>Centro Educativo N\u00b016 \u2018Tucum\u00e1n\u2019.<\/li>\n<\/ul>\n","protected":false},"excerpt":{"rendered":"<p>La medida se enmarca en el programa de ampliaci\u00f3n de la jornada escolar y contempla<\/p>\n","protected":false},"author":4,"featured_media":22182,"comment_status":"closed","ping_status":"closed","sticky":false,"template":"","format":"standard","meta":{"footnotes":""},"categories":[4],"tags":[],"class_list":["post-22181","post","type-post","status-publish","format-standard","has-post-thumbnail","hentry","category-la-provincia"],"_links":{"self":[{"href":"https:\/\/lavozpuntana.com\/index.php?rest_route=\/wp\/v2\/posts\/22181","targetHints":{"allow":["GET"]}}],"collection":[{"href":"https:\/\/lavozpuntana.com\/index.php?rest_route=\/wp\/v2\/posts"}],"about":[{"href":"https:\/\/lavozpuntana.com\/index.php?rest_route=\/wp\/v2\/types\/post"}],"author":[{"embeddable":true,"href":"https:\/\/lavozpuntana.com\/index.php?rest_route=\/wp\/v2\/users\/4"}],"replies":[{"embeddable":true,"href":"https:\/\/lavozpuntana.com\/index.php?rest_route=%2Fwp%2Fv2%2Fcomments&post=22181"}],"version-history":[{"count":1,"href":"https:\/\/lavozpuntana.com\/index.php?rest_route=\/wp\/v2\/posts\/22181\/revisions"}],"predecessor-version":[{"id":22183,"href":"https:\/\/lavozpuntana.com\/index.php?rest_route=\/wp\/v2\/posts\/22181\/revisions\/22183"}],"wp:featuredmedia":[{"embeddable":true,"href":"https:\/\/lavozpuntana.com\/index.php?rest_route=\/wp\/v2\/media\/22182"}],"wp:attachment":[{"href":"https:\/\/lavozpuntana.com\/index.php?rest_route=%2Fwp%2Fv2%2Fmedia&parent=22181"}],"wp:term":[{"taxonomy":"category","embeddable":true,"href":"https:\/\/lavozpuntana.com\/index.php?rest_route=%2Fwp%2Fv2%2Fcategories&post=22181"},{"taxonomy":"post_tag","embeddable":true,"href":"https:\/\/lavozpuntana.com\/index.php?rest_route=%2Fwp%2Fv2%2Ftags&post=22181"}],"curies":[{"name":"wp","href":"https:\/\/api.w.org\/{rel}","templated":true}]}}