{"id":2256,"date":"2021-04-15T14:20:15","date_gmt":"2021-04-15T17:20:15","guid":{"rendered":"http:\/\/lavozpuntana.com\/?p=2256"},"modified":"2021-04-15T14:20:17","modified_gmt":"2021-04-15T17:20:17","slug":"primero-la-salud-postergaron-la-maraton-heroes-de-malvinas","status":"publish","type":"post","link":"https:\/\/lavozpuntana.com\/?p=2256","title":{"rendered":"Primero la salud: postergaron la Marat\u00f3n \u00abH\u00e9roes de Malvinas\u00bb"},"content":{"rendered":"\n<h2 class=\"wp-block-heading\" style=\"font-size:24px\">La tradicional carrera merlina iba a disputarse este 18 de abril. Sin embargo, desde el Municipio decidieron cuidar la salud de corredores y vecinos. <\/h2>\n\n\n\n<figure class=\"wp-block-image size-large\"><img loading=\"lazy\" decoding=\"async\" width=\"1024\" height=\"1024\" src=\"https:\/\/lavozpuntana.com\/wp-content\/uploads\/2021\/04\/suspendio-maraton-1024x1024.jpg\" alt=\"\" class=\"wp-image-2257\" srcset=\"https:\/\/lavozpuntana.com\/wp-content\/uploads\/2021\/04\/suspendio-maraton-1024x1024.jpg 1024w, https:\/\/lavozpuntana.com\/wp-content\/uploads\/2021\/04\/suspendio-maraton-300x300.jpg 300w, https:\/\/lavozpuntana.com\/wp-content\/uploads\/2021\/04\/suspendio-maraton-150x150.jpg 150w, https:\/\/lavozpuntana.com\/wp-content\/uploads\/2021\/04\/suspendio-maraton-768x768.jpg 768w, https:\/\/lavozpuntana.com\/wp-content\/uploads\/2021\/04\/suspendio-maraton.jpg 1280w\" sizes=\"auto, (max-width: 1024px) 100vw, 1024px\" \/><figcaption>Con este flyer el municipio anunci\u00f3 la postergaci\u00f3n del evento. Cr\u00e9ditos: Prensa Merlo. <\/figcaption><\/figure>\n\n\n\n<p>La situaci\u00f3n epidemiol\u00f3gica en San Luis contin\u00faa siendo alarmante: en el d\u00eda de ayer <strong>se registraron 577 casos nuevos.<\/strong> Como mencionamos la semana pasada, despu\u00e9s de Semana Santa los casos en la provincia llegaron a quintuplicarse. <\/p>\n\n\n\n<p>En este contexto, el gobierno hab\u00eda decretado una serie de medidas para evitar la suba de contagios.<strong> Reuniones particulares de hasta 10 personas, restricci\u00f3n de circular entre las 00:00 y las 06:00, y capacidad limitada al 30% en bares, restaurantes y gimnasios.<\/strong>\u00a0Desde el Gobierno procuraron ser lo m\u00e1s laxos posibles, aunque el peligro de llegar a una crisis sanitaria est\u00e1 latente. <\/p>\n\n\n\n<p>Es por eso que el Municipio decidi\u00f3 postergar la tradicional Marat\u00f3n \u00abH\u00e9roes de Malvinas\u00bb. <strong>La cantidad de casos en Merlo, y la afluencia de corredores de localidades vecinas con alto riesgo epidemiol\u00f3gico fueron algunos de los factores que determinaron la suspensi\u00f3n del evento.<\/strong> <\/p>\n\n\n\n<p>Desde la Secretar\u00eda de Deportes, Recreaci\u00f3n y H\u00e1bitos saludables afirmaron que el valor de la inscripci\u00f3n se mantendr\u00e1 vigente hasta que confirmen nueva fecha. <\/p>\n","protected":false},"excerpt":{"rendered":"<p>La tradicional carrera merlina iba a disputarse este 18 de abril. Sin embargo, desde el<\/p>\n","protected":false},"author":5,"featured_media":2257,"comment_status":"closed","ping_status":"closed","sticky":false,"template":"","format":"standard","meta":{"footnotes":""},"categories":[4],"tags":[115,958,54,881],"class_list":["post-2256","post","type-post","status-publish","format-standard","has-post-thumbnail","hentry","category-la-provincia","tag-covid19","tag-maratonheroesdemalvinas","tag-merlo-2","tag-merlociudaddeldeporte"],"_links":{"self":[{"href":"https:\/\/lavozpuntana.com\/index.php?rest_route=\/wp\/v2\/posts\/2256","targetHints":{"allow":["GET"]}}],"collection":[{"href":"https:\/\/lavozpuntana.com\/index.php?rest_route=\/wp\/v2\/posts"}],"about":[{"href":"https:\/\/lavozpuntana.com\/index.php?rest_route=\/wp\/v2\/types\/post"}],"author":[{"embeddable":true,"href":"https:\/\/lavozpuntana.com\/index.php?rest_route=\/wp\/v2\/users\/5"}],"replies":[{"embeddable":true,"href":"https:\/\/lavozpuntana.com\/index.php?rest_route=%2Fwp%2Fv2%2Fcomments&post=2256"}],"version-history":[{"count":1,"href":"https:\/\/lavozpuntana.com\/index.php?rest_route=\/wp\/v2\/posts\/2256\/revisions"}],"predecessor-version":[{"id":2258,"href":"https:\/\/lavozpuntana.com\/index.php?rest_route=\/wp\/v2\/posts\/2256\/revisions\/2258"}],"wp:featuredmedia":[{"embeddable":true,"href":"https:\/\/lavozpuntana.com\/index.php?rest_route=\/wp\/v2\/media\/2257"}],"wp:attachment":[{"href":"https:\/\/lavozpuntana.com\/index.php?rest_route=%2Fwp%2Fv2%2Fmedia&parent=2256"}],"wp:term":[{"taxonomy":"category","embeddable":true,"href":"https:\/\/lavozpuntana.com\/index.php?rest_route=%2Fwp%2Fv2%2Fcategories&post=2256"},{"taxonomy":"post_tag","embeddable":true,"href":"https:\/\/lavozpuntana.com\/index.php?rest_route=%2Fwp%2Fv2%2Ftags&post=2256"}],"curies":[{"name":"wp","href":"https:\/\/api.w.org\/{rel}","templated":true}]}}