{"id":23354,"date":"2026-09-01T13:04:06","date_gmt":"2026-09-01T16:04:06","guid":{"rendered":"https:\/\/lavozpuntana.com\/?p=23354"},"modified":"2026-09-01T13:04:07","modified_gmt":"2026-09-01T16:04:07","slug":"en-los-ultimos-dos-anos-y-medio-san-luis-recibio-inversiones-por-700-millones-de-dolares","status":"publish","type":"post","link":"https:\/\/lavozpuntana.com\/?p=23354","title":{"rendered":"\u201cEN LOS \u00daLTIMOS DOS A\u00d1OS Y MEDIO SAN LUIS RECIBI\u00d3 INVERSIONES POR 700 MILLONES DE D\u00d3LARES\u201d"},"content":{"rendered":"\n<figure class=\"wp-block-image size-large\"><img loading=\"lazy\" decoding=\"async\" width=\"1024\" height=\"681\" src=\"https:\/\/lavozpuntana.com\/wp-content\/uploads\/2026\/09\/WhatsApp-Image-2026-09-01-at-12.43.05-PM-1024x681.jpeg\" alt=\"\" class=\"wp-image-23355\" srcset=\"https:\/\/lavozpuntana.com\/wp-content\/uploads\/2026\/09\/WhatsApp-Image-2026-09-01-at-12.43.05-PM-1024x681.jpeg 1024w, https:\/\/lavozpuntana.com\/wp-content\/uploads\/2026\/09\/WhatsApp-Image-2026-09-01-at-12.43.05-PM-300x199.jpeg 300w, https:\/\/lavozpuntana.com\/wp-content\/uploads\/2026\/09\/WhatsApp-Image-2026-09-01-at-12.43.05-PM-767x510.jpeg 767w, https:\/\/lavozpuntana.com\/wp-content\/uploads\/2026\/09\/WhatsApp-Image-2026-09-01-at-12.43.05-PM.jpeg 1280w\" sizes=\"auto, (max-width: 1024px) 100vw, 1024px\" \/><\/figure>\n\n\n\n<p class=\"wp-block-paragraph\"><strong>El Primer Mandatario tuvo un contacto con la prensa tras visitar la empresa Saint-Gobain, en la v\u00edspera de la conmemoraci\u00f3n del D\u00eda de la Industria. Ratific\u00f3 la necesaria y estrat\u00e9gica vinculaci\u00f3n de los sectores p\u00fablico y privado y remarc\u00f3 las inversiones en materia industrial, agroindustrial y en todo lo referido a las energ\u00edas limpias. \u201cNos permite mirar el futuro con optimismo\u201d, dijo.<\/strong><\/p>\n\n\n\n<p class=\"wp-block-paragraph\">Este martes, el&nbsp;<strong>gobernador Claudio Poggi<\/strong>&nbsp;visit\u00f3 Saint-Gobain, una empresa con trayectoria internacional que est\u00e1 radicada en el Parque Industrial de la ciudad de San Luis. Al finalizar el recorrido, la m\u00e1xima autoridad del Ejecutivo provincial mantuvo contacto con la prensa.<\/p>\n\n\n\n<p class=\"wp-block-paragraph\">Cont\u00f3 que no hab\u00eda visitado antes esta planta con origen minero industrial. \u201cLa materia prima es una roca, el basalto, que tambi\u00e9n est\u00e1 ac\u00e1 en la provincia, en el Cerro de la Garrapata. Es una integraci\u00f3n de la materia prima con un proceso de manufactura, que lo hace esta empresa de much\u00edsimo prestigio internacional, que elabora productos vinculados a la construcci\u00f3n liviana y sostenible, en este caso particular, lana de roca\u201d, detall\u00f3.<\/p>\n\n\n\n<p class=\"wp-block-paragraph\">Y sum\u00f3:&nbsp;<strong>\u201cLa firma tiene 60 puestos de trabajo y proyecciones interesantes de crecimiento en el futuro. As\u00ed que estoy muy contento de visitarla\u201d.<\/strong><\/p>\n\n\n\n<p class=\"wp-block-paragraph\">En la v\u00edspera del D\u00eda de la Industria, el Primer Mandatario adelant\u00f3: \u201cMa\u00f1ana lo conmemoraremos invitando a los industriales de la provincia a repasar todo lo que hemos hecho,<strong>&nbsp;todos los proyectos que tenemos como provincia de cara al futuro para ser m\u00e1s competitivos,<\/strong>&nbsp;<strong>con el sector privado y p\u00fablico acompa\u00f1\u00e1ndose y articulando siempre<\/strong>. Por eso mis visitas a las industrias de San Luis\u201d.<\/p>\n\n\n\n<p class=\"wp-block-paragraph\">Asegur\u00f3 que \u201cen estos dos a\u00f1os y medio, incluido el a\u00f1o 2026,&nbsp;<strong>se han realizado inversiones industriales y de energ\u00edas alternativas en San Luis por 700 millones de d\u00f3lares,<\/strong>&nbsp;mitad industriales, agroindustriales y de las dem\u00e1s mesas sectoriales; y la otra mitad en energ\u00edas limpias. Eso nos da pie para mirar el futuro con mucho optimismo\u201d<\/p>\n\n\n\n<p class=\"wp-block-paragraph\">Adem\u00e1s, mencion\u00f3 algunas de estas iniciativas que tienen impacto directo en el desarrollo de la industria, tales como \u201cel Plan de Agua, el Plan de Energ\u00eda, el R\u00e9gimen Integral de Promoci\u00f3n del Desarrollo Econ\u00f3mico y del Empleo (RIPEE), los consorcios camineros, las obras de infraestructura importantes\u201d, adem\u00e1s de \u201cun presupuesto austero, que da previsibilidad a la sociedad\u201d, lo que permite que todas las pol\u00edticas que se llevan adelante tengan continuidad en el tiempo.<\/p>\n","protected":false},"excerpt":{"rendered":"<p>El Primer Mandatario tuvo un contacto con la prensa tras visitar la empresa Saint-Gobain, en<\/p>\n","protected":false},"author":4,"featured_media":23355,"comment_status":"closed","ping_status":"closed","sticky":false,"template":"","format":"standard","meta":{"footnotes":""},"categories":[4],"tags":[],"class_list":["post-23354","post","type-post","status-publish","format-standard","has-post-thumbnail","hentry","category-la-provincia"],"_links":{"self":[{"href":"https:\/\/lavozpuntana.com\/index.php?rest_route=\/wp\/v2\/posts\/23354","targetHints":{"allow":["GET"]}}],"collection":[{"href":"https:\/\/lavozpuntana.com\/index.php?rest_route=\/wp\/v2\/posts"}],"about":[{"href":"https:\/\/lavozpuntana.com\/index.php?rest_route=\/wp\/v2\/types\/post"}],"author":[{"embeddable":true,"href":"https:\/\/lavozpuntana.com\/index.php?rest_route=\/wp\/v2\/users\/4"}],"replies":[{"embeddable":true,"href":"https:\/\/lavozpuntana.com\/index.php?rest_route=%2Fwp%2Fv2%2Fcomments&post=23354"}],"version-history":[{"count":1,"href":"https:\/\/lavozpuntana.com\/index.php?rest_route=\/wp\/v2\/posts\/23354\/revisions"}],"predecessor-version":[{"id":23356,"href":"https:\/\/lavozpuntana.com\/index.php?rest_route=\/wp\/v2\/posts\/23354\/revisions\/23356"}],"wp:featuredmedia":[{"embeddable":true,"href":"https:\/\/lavozpuntana.com\/index.php?rest_route=\/wp\/v2\/media\/23355"}],"wp:attachment":[{"href":"https:\/\/lavozpuntana.com\/index.php?rest_route=%2Fwp%2Fv2%2Fmedia&parent=23354"}],"wp:term":[{"taxonomy":"category","embeddable":true,"href":"https:\/\/lavozpuntana.com\/index.php?rest_route=%2Fwp%2Fv2%2Fcategories&post=23354"},{"taxonomy":"post_tag","embeddable":true,"href":"https:\/\/lavozpuntana.com\/index.php?rest_route=%2Fwp%2Fv2%2Ftags&post=23354"}],"curies":[{"name":"wp","href":"https:\/\/api.w.org\/{rel}","templated":true}]}}