{"id":23357,"date":"2026-09-01T13:06:55","date_gmt":"2026-09-01T16:06:55","guid":{"rendered":"https:\/\/lavozpuntana.com\/?p=23357"},"modified":"2026-09-01T13:06:56","modified_gmt":"2026-09-01T16:06:56","slug":"poggi-visito-saint-gobain-y-destaco-el-crecimiento-de-la-industria-y-las-inversiones-en-san-luis","status":"publish","type":"post","link":"https:\/\/lavozpuntana.com\/?p=23357","title":{"rendered":"POGGI VISIT\u00d3 SAINT-GOBAIN Y DESTAC\u00d3 EL CRECIMIENTO DE LA INDUSTRIA Y LAS INVERSIONES EN SAN LUIS"},"content":{"rendered":"\n<figure class=\"wp-block-image size-large\"><img loading=\"lazy\" decoding=\"async\" width=\"1024\" height=\"681\" src=\"https:\/\/lavozpuntana.com\/wp-content\/uploads\/2026\/09\/WhatsApp-Image-2026-09-01-at-12.09.04-1-1024x681.jpeg\" alt=\"\" class=\"wp-image-23358\" srcset=\"https:\/\/lavozpuntana.com\/wp-content\/uploads\/2026\/09\/WhatsApp-Image-2026-09-01-at-12.09.04-1-1024x681.jpeg 1024w, https:\/\/lavozpuntana.com\/wp-content\/uploads\/2026\/09\/WhatsApp-Image-2026-09-01-at-12.09.04-1-300x199.jpeg 300w, https:\/\/lavozpuntana.com\/wp-content\/uploads\/2026\/09\/WhatsApp-Image-2026-09-01-at-12.09.04-1-767x510.jpeg 767w, https:\/\/lavozpuntana.com\/wp-content\/uploads\/2026\/09\/WhatsApp-Image-2026-09-01-at-12.09.04-1.jpeg 1280w\" sizes=\"auto, (max-width: 1024px) 100vw, 1024px\" \/><\/figure>\n\n\n\n<p class=\"wp-block-paragraph\"><strong>El Gobernador recorri\u00f3 la planta industrial ubicada en el Parque Industrial norte de la capital, donde conoci\u00f3 el proceso productivo, las inversiones realizadas por la compa\u00f1\u00eda y sus proyectos a futuro. La firma se especializa en materiales y soluciones para la construcci\u00f3n liviana y sostenible.<\/strong><\/p>\n\n\n\n<p class=\"wp-block-paragraph\">Este martes, el&nbsp;<strong>gobernador Claudio Poggi<\/strong>&nbsp;mantuvo una reuni\u00f3n con autoridades de la empresa&nbsp;<strong>Saint-Gobain<\/strong>&nbsp;y posteriormente recorri\u00f3 las instalaciones junto con el gerente de Planta San Luis, Joaqu\u00edn Herrera; el CEO de Saint-Gobain Argentina y Uruguay, Tom\u00e1s Quinteros; y el director Industrial, Sebasti\u00e1n Dzisiusz.<\/p>\n\n\n\n<p class=\"wp-block-paragraph\">La firma de origen franc\u00e9s est\u00e1 presente en Argentina desde hace m\u00e1s de 80 a\u00f1os y cuenta actualmente con 13 plantas industriales, tres oficinas comerciales y administrativas y dos centros de distribuci\u00f3n. A nivel global, la compa\u00f1\u00eda tiene presencia en 81 pa\u00edses y alrededor de 162.000 empleados.<\/p>\n\n\n\n<p class=\"wp-block-paragraph\"><strong>La presencia de la empresa en la provincia se fortaleci\u00f3 en 2023, cuando adquiri\u00f3 T\u00e9rmica San Luis<\/strong>, dedicada a la fabricaci\u00f3n de productos de lana de roca para aislamiento t\u00e9rmico y ac\u00fastico. La planta utiliza como materia prima basalto proveniente de canteras locales y emplea a 60 trabajadores.<\/p>\n\n\n\n<p class=\"wp-block-paragraph\">Tras la recorrida, Poggi destac\u00f3 que en la planta de la capital se realiza \u201cuna integraci\u00f3n de la materia prima con un proceso de manufactura\u201d, que la hace \u201cuna empresa de much\u00edsimo prestigio internacional\u201d y que produce productos vinculados a la construcci\u00f3n liviana y sostenible. Y remarc\u00f3 que la empresa produce lana de roca a partir de \u201cbasalto que viene de la misma provincia de San Luis, que emplea 60 puestos de trabajo y que tienen proyecciones interesantes de crecimiento en el futuro\u201d.<\/p>\n\n\n\n<p class=\"wp-block-paragraph\">El Mandatario vincul\u00f3 la visita con el trabajo que lleva adelante el Gobierno provincial junto al sector privado para fortalecer la actividad industrial:&nbsp;<strong>\u201cEstamos en la v\u00edspera del D\u00eda de la Industria, que ma\u00f1ana (por el mi\u00e9rcoles) conmemoramos en la provincia, invitando a los industriales de la provincia a repasar todo lo que hemos hecho, todos los proyectos que tenemos como provincia de cara al futuro para ser m\u00e1s competitivos y acompa\u00f1ando y articulando con el sector privado y p\u00fablico\u201d<\/strong>, sostuvo, y remarc\u00f3 que las visitas a las industrias forman parte de ese objetivo.<\/p>\n\n\n\n<p class=\"wp-block-paragraph\"><strong>Inversi\u00f3n en San Luis<\/strong><\/p>\n\n\n\n<p class=\"wp-block-paragraph\">El Mandatario tambi\u00e9n destac\u00f3 el volumen de inversiones que se concretaron durante su gesti\u00f3n:&nbsp;<strong>\u201cEn estos dos a\u00f1os y medio, incluido el a\u00f1o 2026, se han realizado inversiones industriales y de energ\u00edas alternativas en San Luis por 700 millones de d\u00f3lares\u201d<\/strong>, afirm\u00f3.<\/p>\n\n\n\n<p class=\"wp-block-paragraph\">De acuerdo con el Gobernador, aproximadamente la mitad de ese monto corresponde a inversiones industriales, agroindustriales y de otras mesas sectoriales, mientras que la otra mitad est\u00e1 vinculada a energ\u00edas limpias. \u201cEso nos da pie para mirar el futuro con mucho optimismo\u201d, concluy\u00f3.<\/p>\n","protected":false},"excerpt":{"rendered":"<p>El Gobernador recorri\u00f3 la planta industrial ubicada en el Parque Industrial norte de la capital,<\/p>\n","protected":false},"author":4,"featured_media":23358,"comment_status":"closed","ping_status":"closed","sticky":false,"template":"","format":"standard","meta":{"footnotes":""},"categories":[4],"tags":[],"class_list":["post-23357","post","type-post","status-publish","format-standard","has-post-thumbnail","hentry","category-la-provincia"],"_links":{"self":[{"href":"https:\/\/lavozpuntana.com\/index.php?rest_route=\/wp\/v2\/posts\/23357","targetHints":{"allow":["GET"]}}],"collection":[{"href":"https:\/\/lavozpuntana.com\/index.php?rest_route=\/wp\/v2\/posts"}],"about":[{"href":"https:\/\/lavozpuntana.com\/index.php?rest_route=\/wp\/v2\/types\/post"}],"author":[{"embeddable":true,"href":"https:\/\/lavozpuntana.com\/index.php?rest_route=\/wp\/v2\/users\/4"}],"replies":[{"embeddable":true,"href":"https:\/\/lavozpuntana.com\/index.php?rest_route=%2Fwp%2Fv2%2Fcomments&post=23357"}],"version-history":[{"count":1,"href":"https:\/\/lavozpuntana.com\/index.php?rest_route=\/wp\/v2\/posts\/23357\/revisions"}],"predecessor-version":[{"id":23359,"href":"https:\/\/lavozpuntana.com\/index.php?rest_route=\/wp\/v2\/posts\/23357\/revisions\/23359"}],"wp:featuredmedia":[{"embeddable":true,"href":"https:\/\/lavozpuntana.com\/index.php?rest_route=\/wp\/v2\/media\/23358"}],"wp:attachment":[{"href":"https:\/\/lavozpuntana.com\/index.php?rest_route=%2Fwp%2Fv2%2Fmedia&parent=23357"}],"wp:term":[{"taxonomy":"category","embeddable":true,"href":"https:\/\/lavozpuntana.com\/index.php?rest_route=%2Fwp%2Fv2%2Fcategories&post=23357"},{"taxonomy":"post_tag","embeddable":true,"href":"https:\/\/lavozpuntana.com\/index.php?rest_route=%2Fwp%2Fv2%2Ftags&post=23357"}],"curies":[{"name":"wp","href":"https:\/\/api.w.org\/{rel}","templated":true}]}}