{"id":23363,"date":"2026-09-02T12:07:34","date_gmt":"2026-09-02T15:07:34","guid":{"rendered":"https:\/\/lavozpuntana.com\/?p=23363"},"modified":"2026-09-02T12:07:35","modified_gmt":"2026-09-02T15:07:35","slug":"operativo-especial-de-salud-en-la-zona-sur-de-la-ciudad-de-san-luis","status":"publish","type":"post","link":"https:\/\/lavozpuntana.com\/?p=23363","title":{"rendered":"OPERATIVO ESPECIAL DE SALUD EN LA ZONA SUR DE LA CIUDAD DE SAN LUIS"},"content":{"rendered":"\n<figure class=\"wp-block-image size-large\"><img loading=\"lazy\" decoding=\"async\" width=\"1024\" height=\"576\" src=\"https:\/\/lavozpuntana.com\/wp-content\/uploads\/2026\/09\/WhatsApp-Image-2026-09-02-at-10.28.44-1024x576.jpeg\" alt=\"\" class=\"wp-image-23364\" srcset=\"https:\/\/lavozpuntana.com\/wp-content\/uploads\/2026\/09\/WhatsApp-Image-2026-09-02-at-10.28.44-1024x576.jpeg 1024w, https:\/\/lavozpuntana.com\/wp-content\/uploads\/2026\/09\/WhatsApp-Image-2026-09-02-at-10.28.44-300x169.jpeg 300w, https:\/\/lavozpuntana.com\/wp-content\/uploads\/2026\/09\/WhatsApp-Image-2026-09-02-at-10.28.44-767x431.jpeg 767w, https:\/\/lavozpuntana.com\/wp-content\/uploads\/2026\/09\/WhatsApp-Image-2026-09-02-at-10.28.44-1536x864.jpeg 1536w, https:\/\/lavozpuntana.com\/wp-content\/uploads\/2026\/09\/WhatsApp-Image-2026-09-02-at-10.28.44-800x450.jpeg 800w, https:\/\/lavozpuntana.com\/wp-content\/uploads\/2026\/09\/WhatsApp-Image-2026-09-02-at-10.28.44.jpeg 1599w\" sizes=\"auto, (max-width: 1024px) 100vw, 1024px\" \/><\/figure>\n\n\n\n<p class=\"wp-block-paragraph\"><strong>Equipos de agentes sanitarios y enfermer\u00eda de Atenci\u00f3n Primaria de la Salud recorrieron distintos sectores para relevar a las familias, revisar libretas de salud, completar esquemas de vacunaci\u00f3n y fortalecer el seguimiento sanitario de la comunidad.<\/strong><\/p>\n\n\n\n<p class=\"wp-block-paragraph\">El ministerio de Salud, a trav\u00e9s de los equipos de&nbsp;<strong>Atenci\u00f3n Primaria de la Salud (APS)<\/strong>, llev\u00f3 adelante un operativo territorial en barrios de la zona sur de la ciudad de San Luis, con la participaci\u00f3n de agentes sanitarios y personal de enfermer\u00eda.<\/p>\n\n\n\n<p class=\"wp-block-paragraph\">La jornada se desarroll\u00f3 el s\u00e1bado 29 de agosto y alcanz\u00f3 sectores de los&nbsp;<strong>barrios Padre Mujica, 30 Viviendas, 70 Viviendas y N\u00e9stor Kirchner<\/strong>, correspondientes al \u00e1rea de referencia del CAPS Serran\u00edas Puntanas.<\/p>\n\n\n\n<p class=\"wp-block-paragraph\">Durante el recorrido, los equipos realizaron visitas domiciliarias con el objetivo de actualizar informaci\u00f3n sanitaria, conocer la situaci\u00f3n de las familias y acercar distintas acciones de prevenci\u00f3n y cuidado directamente al territorio.<\/p>\n\n\n\n<p class=\"wp-block-paragraph\">En total, se visitaron&nbsp;<strong>128 viviendas y se entrevist\u00f3 a 105 familias<\/strong>. Adem\u00e1s, se revisaron&nbsp;<strong>94 libretas de salud de ni\u00f1os y adultos<\/strong>, lo que permiti\u00f3 verificar controles realizados y detectar aquellos casos que requieren continuidad o actualizaci\u00f3n del seguimiento sanitario.<\/p>\n\n\n\n<p class=\"wp-block-paragraph\">La vacunaci\u00f3n tambi\u00e9n form\u00f3 parte del operativo. Durante la jornada fueron vacunadas&nbsp;<strong>22 personas y se aplicaron 29 dosis<\/strong>, contribuyendo a completar y actualizar los esquemas correspondientes.<\/p>\n\n\n\n<p class=\"wp-block-paragraph\">El trabajo de los agentes sanitarios permiti\u00f3, adem\u00e1s, identificar personas que necesitan controles peri\u00f3dicos y situaciones que requieren acompa\u00f1amiento de los equipos de salud. Los casos relevados fueron registrados y derivados al CAPS Serran\u00edas Puntanas para su evaluaci\u00f3n y seguimiento interdisciplinario.<\/p>\n\n\n\n<p class=\"wp-block-paragraph\">El relevamiento tendr\u00e1 continuidad con nuevas instancias de trabajo para completar los sectores pendientes y profundizar las acciones de control de salud y vacunaci\u00f3n.<\/p>\n","protected":false},"excerpt":{"rendered":"<p>Equipos de agentes sanitarios y enfermer\u00eda de Atenci\u00f3n Primaria de la Salud recorrieron distintos sectores<\/p>\n","protected":false},"author":4,"featured_media":23364,"comment_status":"closed","ping_status":"closed","sticky":false,"template":"","format":"standard","meta":{"footnotes":""},"categories":[4],"tags":[],"class_list":["post-23363","post","type-post","status-publish","format-standard","has-post-thumbnail","hentry","category-la-provincia"],"_links":{"self":[{"href":"https:\/\/lavozpuntana.com\/index.php?rest_route=\/wp\/v2\/posts\/23363","targetHints":{"allow":["GET"]}}],"collection":[{"href":"https:\/\/lavozpuntana.com\/index.php?rest_route=\/wp\/v2\/posts"}],"about":[{"href":"https:\/\/lavozpuntana.com\/index.php?rest_route=\/wp\/v2\/types\/post"}],"author":[{"embeddable":true,"href":"https:\/\/lavozpuntana.com\/index.php?rest_route=\/wp\/v2\/users\/4"}],"replies":[{"embeddable":true,"href":"https:\/\/lavozpuntana.com\/index.php?rest_route=%2Fwp%2Fv2%2Fcomments&post=23363"}],"version-history":[{"count":1,"href":"https:\/\/lavozpuntana.com\/index.php?rest_route=\/wp\/v2\/posts\/23363\/revisions"}],"predecessor-version":[{"id":23365,"href":"https:\/\/lavozpuntana.com\/index.php?rest_route=\/wp\/v2\/posts\/23363\/revisions\/23365"}],"wp:featuredmedia":[{"embeddable":true,"href":"https:\/\/lavozpuntana.com\/index.php?rest_route=\/wp\/v2\/media\/23364"}],"wp:attachment":[{"href":"https:\/\/lavozpuntana.com\/index.php?rest_route=%2Fwp%2Fv2%2Fmedia&parent=23363"}],"wp:term":[{"taxonomy":"category","embeddable":true,"href":"https:\/\/lavozpuntana.com\/index.php?rest_route=%2Fwp%2Fv2%2Fcategories&post=23363"},{"taxonomy":"post_tag","embeddable":true,"href":"https:\/\/lavozpuntana.com\/index.php?rest_route=%2Fwp%2Fv2%2Ftags&post=23363"}],"curies":[{"name":"wp","href":"https:\/\/api.w.org\/{rel}","templated":true}]}}