{"id":23366,"date":"2026-09-02T12:14:55","date_gmt":"2026-09-02T15:14:55","guid":{"rendered":"https:\/\/lavozpuntana.com\/?p=23366"},"modified":"2026-09-02T12:14:56","modified_gmt":"2026-09-02T15:14:56","slug":"se-realizo-el-acto-de-ingreso-de-los-residentes-2026-al-hospital-central-dr-ramon-carrillo","status":"publish","type":"post","link":"https:\/\/lavozpuntana.com\/?p=23366","title":{"rendered":"SE REALIZ\u00d3 EL ACTO DE INGRESO DE LOS RESIDENTES 2026 AL HOSPITAL CENTRAL \u2018DR. RAM\u00d3N CARRILLO\u2019"},"content":{"rendered":"\n<figure class=\"wp-block-image size-large\"><img loading=\"lazy\" decoding=\"async\" width=\"1024\" height=\"425\" src=\"https:\/\/lavozpuntana.com\/wp-content\/uploads\/2026\/09\/IMG-20260901-WA0113-scaled-1-1024x425.jpg\" alt=\"\" class=\"wp-image-23367\" srcset=\"https:\/\/lavozpuntana.com\/wp-content\/uploads\/2026\/09\/IMG-20260901-WA0113-scaled-1-1024x425.jpg 1024w, https:\/\/lavozpuntana.com\/wp-content\/uploads\/2026\/09\/IMG-20260901-WA0113-scaled-1-300x124.jpg 300w, https:\/\/lavozpuntana.com\/wp-content\/uploads\/2026\/09\/IMG-20260901-WA0113-scaled-1-767x318.jpg 767w, https:\/\/lavozpuntana.com\/wp-content\/uploads\/2026\/09\/IMG-20260901-WA0113-scaled-1-1536x637.jpg 1536w, https:\/\/lavozpuntana.com\/wp-content\/uploads\/2026\/09\/IMG-20260901-WA0113-scaled-1-2048x850.jpg 2048w\" sizes=\"auto, (max-width: 1024px) 100vw, 1024px\" \/><\/figure>\n\n\n\n<p class=\"wp-block-paragraph\"><strong>Ser\u00e1n quienes desarrollar\u00e1n su formaci\u00f3n especializada en distintos servicios m\u00e9dicos. Se conformaron jefaturas de residentes en Anestesiolog\u00eda, Bioqu\u00edmica, Cl\u00ednica M\u00e9dica, Cirug\u00eda General, Unidad de Terapia Intensiva, Ortopedia y Traumatolog\u00eda, Cardiolog\u00eda, Oftalmolog\u00eda y residencias del MSN.<\/strong><\/p>\n\n\n\n<p class=\"wp-block-paragraph\">El sistema p\u00fablico de salud, a trav\u00e9s del departamento de Docencia e Investigaci\u00f3n del Hospital Central \u2018Dr. Ram\u00f3n Carrillo\u2019, llev\u00f3 a cabo el acto de apertura para el ingreso de los nuevos residentes 2026, marcando el inicio de una nueva etapa en la formaci\u00f3n de profesionales de la salud en la instituci\u00f3n, ya que ser\u00e1n quienes desarrollar\u00e1n su formaci\u00f3n especializada en distintos servicios m\u00e9dicos.<\/p>\n\n\n\n<p class=\"wp-block-paragraph\">Para el ingreso 2026 se conformaron jefaturas de residentes en Anestesiolog\u00eda, Bioqu\u00edmica, Cl\u00ednica M\u00e9dica, Cirug\u00eda General, Unidad de Terapia Intensiva, Ortopedia y Traumatolog\u00eda, Cardiolog\u00eda, Oftalmolog\u00eda y residencias del MSN.<\/p>\n\n\n\n<p class=\"wp-block-paragraph\">Entre los ingresantes de grado y posgrado 2026 se incorporaron residentes b\u00e1sicos de Cardiolog\u00eda de 1\u00b0 y 2\u00b0 a\u00f1o, de Diagn\u00f3stico por Im\u00e1genes y de Urolog\u00eda, junto con fellows en Ecocardiograf\u00eda Doppler para m\u00e9dicos y para t\u00e9cnicos, en Cl\u00ednica en Hepatolog\u00eda Cl\u00ednica, y residentes de la postb\u00e1sica de Neurolog\u00eda.<\/p>\n\n\n\n<p class=\"wp-block-paragraph\">El acto cont\u00f3 con la presencia de las autoridades integrantes de la mesa acad\u00e9mica: el director General, Adolfo S\u00e1nchez de Le\u00f3n; la directora de Servicios Generales, Claudina Encabo; el director de Servicios Administrativos, Pablo Kowaliszyn; el jefe del departamento de Docencia e Investigaci\u00f3n, Ra\u00fal Javier Tapia; y la subdirectora de Capacitaci\u00f3n y Residencias del ministerio de Salud de la provincia, Marcela Weiher.<\/p>\n\n\n\n<p class=\"wp-block-paragraph\">\u201cEsta es una etapa muy importante en su formaci\u00f3n profesional, por lo que vamos a contribuir a su formaci\u00f3n tanto en lo profesional como en las habilidades blandas, a las que le damos tanta importancia en el hospital \u201c, dijo S\u00e1nchez de Le\u00f3n durante las palabras de bienvenida.<\/p>\n\n\n\n<p class=\"wp-block-paragraph\">Por otro lado, Tapia expres\u00f3 su agradecimiento y subray\u00f3 la relevancia de la capacitaci\u00f3n durante la residencia, ya que esta proporciona habilidades esenciales para la atenci\u00f3n m\u00e9dica. Adem\u00e1s, destac\u00f3 el trabajo en equipo del HRC, que se enfoca en brindar una atenci\u00f3n de calidad.<\/p>\n\n\n\n<p class=\"wp-block-paragraph\">Weiher, tambi\u00e9n subray\u00f3 el apoyo y la importancia que la provincia asigna a la residencia, d\u00e1ndole la bienvenida a todos los nuevos residentes con emotivas palabras y remarc\u00f3 que los residentes est\u00e1n en el mejor lugar, el Hospital \u2018Ram\u00f3n Carrillo\u2019.<\/p>\n\n\n\n<p class=\"wp-block-paragraph\">La jornada institucional incluy\u00f3 adem\u00e1s espacios de encuentro con las autoridades, jefes de servicio, referentes de las residencias, instructores y equipos vinculados a la formaci\u00f3n, quienes tendr\u00e1n un papel fundamental en el acompa\u00f1amiento de las trayectorias formativas.<\/p>\n\n\n\n<p class=\"wp-block-paragraph\">Con este encuentro institucional se dio inicio tambi\u00e9n a las capacitaciones institucionales obligatorias en Gesti\u00f3n de Calidad, Epidemiolog\u00eda, Control de Infecciones y Seguridad e Higiene.<\/p>\n","protected":false},"excerpt":{"rendered":"<p>Ser\u00e1n quienes desarrollar\u00e1n su formaci\u00f3n especializada en distintos servicios m\u00e9dicos. Se conformaron jefaturas de residentes<\/p>\n","protected":false},"author":4,"featured_media":23367,"comment_status":"closed","ping_status":"closed","sticky":false,"template":"","format":"standard","meta":{"footnotes":""},"categories":[4],"tags":[],"class_list":["post-23366","post","type-post","status-publish","format-standard","has-post-thumbnail","hentry","category-la-provincia"],"_links":{"self":[{"href":"https:\/\/lavozpuntana.com\/index.php?rest_route=\/wp\/v2\/posts\/23366","targetHints":{"allow":["GET"]}}],"collection":[{"href":"https:\/\/lavozpuntana.com\/index.php?rest_route=\/wp\/v2\/posts"}],"about":[{"href":"https:\/\/lavozpuntana.com\/index.php?rest_route=\/wp\/v2\/types\/post"}],"author":[{"embeddable":true,"href":"https:\/\/lavozpuntana.com\/index.php?rest_route=\/wp\/v2\/users\/4"}],"replies":[{"embeddable":true,"href":"https:\/\/lavozpuntana.com\/index.php?rest_route=%2Fwp%2Fv2%2Fcomments&post=23366"}],"version-history":[{"count":1,"href":"https:\/\/lavozpuntana.com\/index.php?rest_route=\/wp\/v2\/posts\/23366\/revisions"}],"predecessor-version":[{"id":23368,"href":"https:\/\/lavozpuntana.com\/index.php?rest_route=\/wp\/v2\/posts\/23366\/revisions\/23368"}],"wp:featuredmedia":[{"embeddable":true,"href":"https:\/\/lavozpuntana.com\/index.php?rest_route=\/wp\/v2\/media\/23367"}],"wp:attachment":[{"href":"https:\/\/lavozpuntana.com\/index.php?rest_route=%2Fwp%2Fv2%2Fmedia&parent=23366"}],"wp:term":[{"taxonomy":"category","embeddable":true,"href":"https:\/\/lavozpuntana.com\/index.php?rest_route=%2Fwp%2Fv2%2Fcategories&post=23366"},{"taxonomy":"post_tag","embeddable":true,"href":"https:\/\/lavozpuntana.com\/index.php?rest_route=%2Fwp%2Fv2%2Ftags&post=23366"}],"curies":[{"name":"wp","href":"https:\/\/api.w.org\/{rel}","templated":true}]}}