{"id":23369,"date":"2026-09-02T12:19:26","date_gmt":"2026-09-02T15:19:26","guid":{"rendered":"https:\/\/lavozpuntana.com\/?p=23369"},"modified":"2026-09-02T12:19:27","modified_gmt":"2026-09-02T15:19:27","slug":"las-30-viviendas-de-el-volcan-avanzan-con-instalaciones-y-obras-de-infraestructura","status":"publish","type":"post","link":"https:\/\/lavozpuntana.com\/?p=23369","title":{"rendered":"LAS 30 VIVIENDAS DE EL VOLC\u00c1N AVANZAN CON INSTALACIONES Y OBRAS DE INFRAESTRUCTURA"},"content":{"rendered":"\n<figure class=\"wp-block-image size-large\"><img loading=\"lazy\" decoding=\"async\" width=\"1024\" height=\"684\" src=\"https:\/\/lavozpuntana.com\/wp-content\/uploads\/2026\/09\/WhatsApp-Image-2026-09-01-at-13.52.17-1024x684.jpeg\" alt=\"\" class=\"wp-image-23370\" srcset=\"https:\/\/lavozpuntana.com\/wp-content\/uploads\/2026\/09\/WhatsApp-Image-2026-09-01-at-13.52.17-1024x684.jpeg 1024w, https:\/\/lavozpuntana.com\/wp-content\/uploads\/2026\/09\/WhatsApp-Image-2026-09-01-at-13.52.17-300x201.jpeg 300w, https:\/\/lavozpuntana.com\/wp-content\/uploads\/2026\/09\/WhatsApp-Image-2026-09-01-at-13.52.17-768x513.jpeg 768w, https:\/\/lavozpuntana.com\/wp-content\/uploads\/2026\/09\/WhatsApp-Image-2026-09-01-at-13.52.17.jpeg 1209w\" sizes=\"auto, (max-width: 1024px) 100vw, 1024px\" \/><\/figure>\n\n\n\n<p class=\"wp-block-paragraph\"><strong>La construcci\u00f3n del nuevo barrio contin\u00faa con la colocaci\u00f3n de artefactos sanitarios y grifer\u00eda, mientras se ejecutan las instalaciones cloacales y avanza la infraestructura de abastecimiento de agua.<\/strong><\/p>\n\n\n\n<p class=\"wp-block-paragraph\">El Gobierno provincial intensifica la construcci\u00f3n de&nbsp;<strong>30 viviendas en El Volc\u00e1n<\/strong>&nbsp;y se multiplican los trabajos vinculados con las instalaciones y las terminaciones de las unidades habitacionales. En la localidad del departamento Pueyrred\u00f3n se edifican&nbsp;<strong>13 viviendas&nbsp;<\/strong>destinadas a la finalizaci\u00f3n de los&nbsp;<strong>planes \u2018Progreso\u2019 y \u2018Sue\u00f1os\u2019<\/strong>, y&nbsp;<strong>17&nbsp;<\/strong>que corresponden al nuevo&nbsp;<strong>programa<\/strong>&nbsp;<strong>\u2018Tenemos Futuro\u2019<\/strong>.<\/p>\n\n\n\n<p class=\"wp-block-paragraph\">La direcci\u00f3n de Obras de Arquitectura y Viviendas detall\u00f3 que actualmente se enfocan en la&nbsp;<strong>colocaci\u00f3n de artefactos de ba\u00f1o y grifer\u00eda<\/strong>, incorporando elementos que permiten completar los ambientes interiores de las viviendas.<\/p>\n\n\n\n<p class=\"wp-block-paragraph\">En paralelo, se ejecutan las&nbsp;<strong>instalaciones sanitarias de cloacas<\/strong>, que incluyen c\u00e1maras s\u00e9pticas, c\u00e1maras de inspecci\u00f3n y sistemas de ventilaci\u00f3n. Estos trabajos son parte de la infraestructura necesaria para el funcionamiento integral del nuevo complejo.<\/p>\n\n\n\n<p class=\"wp-block-paragraph\">Tambi\u00e9n avanza la infraestructura correspondiente al&nbsp;<strong>abastecimiento de agua<\/strong>, con la ejecuci\u00f3n de la cisterna y del tanque elevado que permitir\u00e1n completar el sistema de provisi\u00f3n para las viviendas.<\/p>\n\n\n\n<p class=\"wp-block-paragraph\">Las unidades ya muestran sus cerramientos, aberturas, revoques y accesos ya ejecutados, mientras los equipos de trabajo concentran las tareas en las instalaciones y en los componentes que permitir\u00e1n poner en funcionamiento cada hogar.<\/p>\n\n\n\n<p class=\"wp-block-paragraph\">La obra forma parte de la pol\u00edtica habitacional que la Provincia desarrolla en distintas localidades de San Luis, con el objetivo de que m\u00e1s familias puedan acceder a la casa propia, generando a la vez empleo y un impulso para las econom\u00edas regionales.<\/p>\n","protected":false},"excerpt":{"rendered":"<p>La construcci\u00f3n del nuevo barrio contin\u00faa con la colocaci\u00f3n de artefactos sanitarios y grifer\u00eda, mientras<\/p>\n","protected":false},"author":4,"featured_media":23370,"comment_status":"closed","ping_status":"closed","sticky":false,"template":"","format":"standard","meta":{"footnotes":""},"categories":[4],"tags":[],"class_list":["post-23369","post","type-post","status-publish","format-standard","has-post-thumbnail","hentry","category-la-provincia"],"_links":{"self":[{"href":"https:\/\/lavozpuntana.com\/index.php?rest_route=\/wp\/v2\/posts\/23369","targetHints":{"allow":["GET"]}}],"collection":[{"href":"https:\/\/lavozpuntana.com\/index.php?rest_route=\/wp\/v2\/posts"}],"about":[{"href":"https:\/\/lavozpuntana.com\/index.php?rest_route=\/wp\/v2\/types\/post"}],"author":[{"embeddable":true,"href":"https:\/\/lavozpuntana.com\/index.php?rest_route=\/wp\/v2\/users\/4"}],"replies":[{"embeddable":true,"href":"https:\/\/lavozpuntana.com\/index.php?rest_route=%2Fwp%2Fv2%2Fcomments&post=23369"}],"version-history":[{"count":1,"href":"https:\/\/lavozpuntana.com\/index.php?rest_route=\/wp\/v2\/posts\/23369\/revisions"}],"predecessor-version":[{"id":23371,"href":"https:\/\/lavozpuntana.com\/index.php?rest_route=\/wp\/v2\/posts\/23369\/revisions\/23371"}],"wp:featuredmedia":[{"embeddable":true,"href":"https:\/\/lavozpuntana.com\/index.php?rest_route=\/wp\/v2\/media\/23370"}],"wp:attachment":[{"href":"https:\/\/lavozpuntana.com\/index.php?rest_route=%2Fwp%2Fv2%2Fmedia&parent=23369"}],"wp:term":[{"taxonomy":"category","embeddable":true,"href":"https:\/\/lavozpuntana.com\/index.php?rest_route=%2Fwp%2Fv2%2Fcategories&post=23369"},{"taxonomy":"post_tag","embeddable":true,"href":"https:\/\/lavozpuntana.com\/index.php?rest_route=%2Fwp%2Fv2%2Ftags&post=23369"}],"curies":[{"name":"wp","href":"https:\/\/api.w.org\/{rel}","templated":true}]}}