{"id":23372,"date":"2026-09-02T12:24:58","date_gmt":"2026-09-02T15:24:58","guid":{"rendered":"https:\/\/lavozpuntana.com\/?p=23372"},"modified":"2026-09-02T12:24:58","modified_gmt":"2026-09-02T15:24:58","slug":"el-hospital-rene-favaloro-avanza-con-terminaciones-y-consolida-sus-accesos","status":"publish","type":"post","link":"https:\/\/lavozpuntana.com\/?p=23372","title":{"rendered":"EL HOSPITAL \u2018REN\u00c9 FAVALORO\u2019 AVANZA CON TERMINACIONES Y CONSOLIDA SUS ACCESOS"},"content":{"rendered":"\n<figure class=\"wp-block-image size-large\"><img loading=\"lazy\" decoding=\"async\" width=\"1024\" height=\"680\" src=\"https:\/\/lavozpuntana.com\/wp-content\/uploads\/2026\/09\/WhatsApp-Image-2026-08-28-at-13.27.15-1-1024x680.jpeg\" alt=\"\" class=\"wp-image-23373\" srcset=\"https:\/\/lavozpuntana.com\/wp-content\/uploads\/2026\/09\/WhatsApp-Image-2026-08-28-at-13.27.15-1-1024x680.jpeg 1024w, https:\/\/lavozpuntana.com\/wp-content\/uploads\/2026\/09\/WhatsApp-Image-2026-08-28-at-13.27.15-1-300x199.jpeg 300w, https:\/\/lavozpuntana.com\/wp-content\/uploads\/2026\/09\/WhatsApp-Image-2026-08-28-at-13.27.15-1-767x509.jpeg 767w, https:\/\/lavozpuntana.com\/wp-content\/uploads\/2026\/09\/WhatsApp-Image-2026-08-28-at-13.27.15-1-1536x1020.jpeg 1536w, https:\/\/lavozpuntana.com\/wp-content\/uploads\/2026\/09\/WhatsApp-Image-2026-08-28-at-13.27.15-1.jpeg 1600w\" sizes=\"auto, (max-width: 1024px) 100vw, 1024px\" \/><\/figure>\n\n\n\n<p class=\"wp-block-paragraph\"><strong>La obra contin\u00faa con trabajos de impermeabilizaci\u00f3n, revoques e instalaciones en los distintos bloques. Tambi\u00e9n progresan la colocaci\u00f3n de pisos gran\u00edticos y las tareas en el ingreso principal y la circulaci\u00f3n destinada a ambulancias.<\/strong><\/p>\n\n\n\n<p class=\"wp-block-paragraph\">El Gobierno provincial mantiene un importante ritmo de avance en la construcci\u00f3n del&nbsp;<strong>Hospital \u2018Ren\u00e9 Favaloro\u2019 de Villa Mercedes<\/strong>, con trabajos simult\u00e1neos en distintos sectores del edificio. En esta nueva etapa avanzan las tareas de terminaci\u00f3n, las instalaciones y el acondicionamiento de los espacios exteriores.<\/p>\n\n\n\n<p class=\"wp-block-paragraph\">La direcci\u00f3n de Obras de Arquitectura y Viviendas detall\u00f3 que en las cubiertas se complet\u00f3 la colocaci\u00f3n de membrana geotextil en el bloque Este y contin\u00faa su ejecuci\u00f3n en el bloque Norte. En el bloque Oeste, en tanto, se trabaja con pintura asf\u00e1ltica sobre las cargas, como parte de las tareas de impermeabilizaci\u00f3n.<\/p>\n\n\n\n<p class=\"wp-block-paragraph\">Tambi\u00e9n contin\u00faan los trabajos de revoques en distintos sectores y avanzan las instalaciones cloacales, el\u00e9ctricas, de datos y de agua. A su vez, se ejecuta la mamposter\u00eda correspondiente al tanque de agua.<\/p>\n\n\n\n<p class=\"wp-block-paragraph\">El sistema de climatizaci\u00f3n ya cuenta con los conductos y equipos interiores instalados, mientras que en los bloques Este y Norte progresa la colocaci\u00f3n de pisos gran\u00edticos, incorporando nuevas terminaciones a los espacios interiores.<\/p>\n\n\n\n<p class=\"wp-block-paragraph\">En el exterior, la obra suma&nbsp;<strong>avances en sectores estrat\u00e9gicos<\/strong>&nbsp;para el funcionamiento del establecimiento. Ya fue hormigonada y pavimentada la circulaci\u00f3n destinada a las ambulancias y se ejecutan los cordones de terminaci\u00f3n de la calle de acceso para estos veh\u00edculos.<\/p>\n\n\n\n<p class=\"wp-block-paragraph\">En el ingreso principal tambi\u00e9n se completaron nuevos trabajos. Se avanza en la cubierta met\u00e1lica con la colocaci\u00f3n de la estructura para las cenefas de cierre y se ejecut\u00f3 el p\u00f3rtico de acceso. Adem\u00e1s, el sector de d\u00e1rsena del ingreso principal ya fue pavimentado y contin\u00faa con las tareas complementarias de terminaci\u00f3n.<\/p>\n\n\n\n<p class=\"wp-block-paragraph\">La construcci\u00f3n del Hospital \u2018Ren\u00e9 Favaloro\u2019 representa una&nbsp;<strong>inversi\u00f3n provincial cercana a los $3.000 millones<\/strong>&nbsp;y comprende una superficie de 1.381,5 metros cuadrados cubiertos y 346,5 metros cuadrados semicubiertos, distribuidos en cuatro bloques funcionales.<\/p>\n\n\n\n<p class=\"wp-block-paragraph\">La obra permitir\u00e1 fortalecer la&nbsp;<strong>infraestructura sanitaria<\/strong>&nbsp;de Villa Mercedes y ampliar la capacidad de atenci\u00f3n para vecinos de la ciudad y localidades de la regi\u00f3n.<\/p>\n","protected":false},"excerpt":{"rendered":"<p>La obra contin\u00faa con trabajos de impermeabilizaci\u00f3n, revoques e instalaciones en los distintos bloques. Tambi\u00e9n<\/p>\n","protected":false},"author":4,"featured_media":23373,"comment_status":"closed","ping_status":"closed","sticky":false,"template":"","format":"standard","meta":{"footnotes":""},"categories":[4],"tags":[],"class_list":["post-23372","post","type-post","status-publish","format-standard","has-post-thumbnail","hentry","category-la-provincia"],"_links":{"self":[{"href":"https:\/\/lavozpuntana.com\/index.php?rest_route=\/wp\/v2\/posts\/23372","targetHints":{"allow":["GET"]}}],"collection":[{"href":"https:\/\/lavozpuntana.com\/index.php?rest_route=\/wp\/v2\/posts"}],"about":[{"href":"https:\/\/lavozpuntana.com\/index.php?rest_route=\/wp\/v2\/types\/post"}],"author":[{"embeddable":true,"href":"https:\/\/lavozpuntana.com\/index.php?rest_route=\/wp\/v2\/users\/4"}],"replies":[{"embeddable":true,"href":"https:\/\/lavozpuntana.com\/index.php?rest_route=%2Fwp%2Fv2%2Fcomments&post=23372"}],"version-history":[{"count":1,"href":"https:\/\/lavozpuntana.com\/index.php?rest_route=\/wp\/v2\/posts\/23372\/revisions"}],"predecessor-version":[{"id":23374,"href":"https:\/\/lavozpuntana.com\/index.php?rest_route=\/wp\/v2\/posts\/23372\/revisions\/23374"}],"wp:featuredmedia":[{"embeddable":true,"href":"https:\/\/lavozpuntana.com\/index.php?rest_route=\/wp\/v2\/media\/23373"}],"wp:attachment":[{"href":"https:\/\/lavozpuntana.com\/index.php?rest_route=%2Fwp%2Fv2%2Fmedia&parent=23372"}],"wp:term":[{"taxonomy":"category","embeddable":true,"href":"https:\/\/lavozpuntana.com\/index.php?rest_route=%2Fwp%2Fv2%2Fcategories&post=23372"},{"taxonomy":"post_tag","embeddable":true,"href":"https:\/\/lavozpuntana.com\/index.php?rest_route=%2Fwp%2Fv2%2Ftags&post=23372"}],"curies":[{"name":"wp","href":"https:\/\/api.w.org\/{rel}","templated":true}]}}