{"id":23375,"date":"2026-09-02T12:28:21","date_gmt":"2026-09-02T15:28:21","guid":{"rendered":"https:\/\/lavozpuntana.com\/?p=23375"},"modified":"2026-09-02T12:28:22","modified_gmt":"2026-09-02T15:28:22","slug":"poggi-acompano-a-hissa-en-la-inauguracion-de-repavimentacion-y-mejoras-en-el-barrio-pringles","status":"publish","type":"post","link":"https:\/\/lavozpuntana.com\/?p=23375","title":{"rendered":"POGGI ACOMPA\u00d1\u00d3 A HISSA EN LA INAUGURACI\u00d3N DE REPAVIMENTACI\u00d3N Y MEJORAS EN EL BARRIO PRINGLES"},"content":{"rendered":"\n<figure class=\"wp-block-image size-large\"><img loading=\"lazy\" decoding=\"async\" width=\"1024\" height=\"681\" src=\"https:\/\/lavozpuntana.com\/wp-content\/uploads\/2026\/09\/WhatsApp-Image-2026-09-01-at-2.03.58-PM-1024x681.jpeg\" alt=\"\" class=\"wp-image-23376\" srcset=\"https:\/\/lavozpuntana.com\/wp-content\/uploads\/2026\/09\/WhatsApp-Image-2026-09-01-at-2.03.58-PM-1024x681.jpeg 1024w, https:\/\/lavozpuntana.com\/wp-content\/uploads\/2026\/09\/WhatsApp-Image-2026-09-01-at-2.03.58-PM-300x199.jpeg 300w, https:\/\/lavozpuntana.com\/wp-content\/uploads\/2026\/09\/WhatsApp-Image-2026-09-01-at-2.03.58-PM-767x510.jpeg 767w, https:\/\/lavozpuntana.com\/wp-content\/uploads\/2026\/09\/WhatsApp-Image-2026-09-01-at-2.03.58-PM.jpeg 1280w\" sizes=\"auto, (max-width: 1024px) 100vw, 1024px\" \/><\/figure>\n\n\n\n<p class=\"wp-block-paragraph\"><strong>El gobernador Claudio Poggi acompa\u00f1\u00f3 este martes al intendente de San Luis, Gast\u00f3n Hissa, en la inauguraci\u00f3n de obras en las calles Marcelino Poblet y Dominicos Puntanos. La intervenci\u00f3n se realiz\u00f3 en el marco del plan \u2018Mejorando tu Cuadra\u2019 y del acuerdo \u2018Construyendo con Tu Pueblo 2026\u2019, y estuvo acompa\u00f1ada por la recuperaci\u00f3n de un espacio verde sobre el boulevard Luis Jufr\u00e9.<\/strong><\/p>\n\n\n\n<p class=\"wp-block-paragraph\">El&nbsp;<strong>gobernador Claudio Poggi<\/strong>&nbsp;particip\u00f3 de la inauguraci\u00f3n de obras en el hist\u00f3rico barrio Coronel Pringles de la ciudad de San Luis. All\u00ed destac\u00f3 el impacto de las obras sobre la calidad de vida de los vecinos y remarc\u00f3 que la recuperaci\u00f3n de los espacios p\u00fablicos tambi\u00e9n aporta a la seguridad y a la valorizaci\u00f3n de las viviendas.<\/p>\n\n\n\n<p class=\"wp-block-paragraph\">\u201cLa verdad que ha quedado hermoso, Gast\u00f3n (por Hissa, el intendente de San Luis). Las obras de mejoras del barrio es otra. Invita a volver\u201d, expres\u00f3 el Gobernador, quien se\u00f1al\u00f3 que la recuperaci\u00f3n del boulevard convirti\u00f3 un espacio que anteriormente presentaba problemas de limpieza y deterioro \u201cen un parque lineal, recuperado para la familia, para los chicos, para los mayores\u201d.<\/p>\n\n\n\n<p class=\"wp-block-paragraph\">En esa l\u00ednea, sostuvo que las mejoras tienen un impacto que excede la infraestructura porque \u201ctodo esto tambi\u00e9n contribuye a la seguridad\u201d. Y afirm\u00f3:&nbsp;<strong>\u201cLa seguridad no solamente es el rol de la Polic\u00eda, sino tambi\u00e9n que est\u00e9 iluminado el lugar, que tenga una buena pavimentaci\u00f3n, que haya una plaza linda, recuperada para la familia, concurrida. Todo eso contribuye tambi\u00e9n a la seguridad\u201d.<\/strong><\/p>\n\n\n\n<p class=\"wp-block-paragraph\"><strong>Poggi tambi\u00e9n se\u00f1al\u00f3 que estas intervenciones repercuten sobre el patrimonio de los vecinos porque \u201cse valorizan las casas\u201d<\/strong>, y remarc\u00f3 que no es lo mismo vivir en un barrio con calles deterioradas y espacios utilizados como basurales que hacerlo en un sector recuperado.<\/p>\n\n\n\n<p class=\"wp-block-paragraph\">El Gobernador puso especial \u00e9nfasis en el acuerdo<strong>&nbsp;\u2018Construyendo con Tu Pueblo\u2019<\/strong>, mediante el cual Provincia y Municipio conforman un fondo com\u00fan destinado a financiar obras que son definidas y ejecutadas por la Municipalidad.<\/p>\n\n\n\n<p class=\"wp-block-paragraph\">Seg\u00fan Poggi, el mecanismo permite que las prioridades surjan del&nbsp;<strong>contacto directo con los barrios<\/strong>: \u201cEl Intendente, a partir de su recorrido y con las orejas bien abiertas por los diferentes barrios de San Luis, identifica los temas m\u00e1s delicados y m\u00e1s urgentes e importantes\u201d, se\u00f1al\u00f3.<\/p>\n\n\n\n<p class=\"wp-block-paragraph\">Y destac\u00f3 que los resultados pueden observarse \u201cen cada rinc\u00f3n de la ciudad, en el centro, en equipamiento, en pavimento, en iluminaci\u00f3n, en las plazas\u201d. Adem\u00e1s, anticip\u00f3 la continuidad del esquema de cooperaci\u00f3n entre ambos gobiernos e indic\u00f3 que el Municipio ya est\u00e1 en condiciones de avanzar con un nuevo acuerdo para conformar otro fondo com\u00fan y continuar con obras de infraestructura en distintos barrios y en el centro de la ciudad.<\/p>\n\n\n\n<p class=\"wp-block-paragraph\">En ese sentido,&nbsp;<strong>Poggi defini\u00f3 como una fortaleza para San Luis la posibilidad de que Provincia, Municipio, instituciones y vecinos trabajen de manera coordinada<\/strong>: \u201cHay dos cosas que en San Luis tenemos que cuidar mucho. En la provincia y en particular en la ciudad. Primero, que podamos trabajar en armon\u00eda, en coordinaci\u00f3n, el Gobierno de la provincia, el Gobierno de la ciudad y las instituciones y los vecinos\u201d, sostuvo. Y agreg\u00f3: \u201cTrabajar en armon\u00eda no siempre pas\u00f3 en San Luis. Se acuerdan que hab\u00eda muchas diferencias en otras \u00e9pocas y los rehenes y los perjudicados eran los vecinos. Siempre eran los vecinos\u201d.<\/p>\n\n\n\n<p class=\"wp-block-paragraph\">El Gobernador tambi\u00e9n resalt\u00f3 la importancia de la cercan\u00eda de los funcionarios con los vecinos para conocer sus necesidades. \u201cLa cercan\u00eda con ustedes, vecinos, de los gobernantes es muy importante\u201d, afirm\u00f3. \u201cUno no est\u00e1 encerrado en la Casa de Gobierno provincial ni en la Casa de Gobierno municipal, sino que est\u00e1 en el territorio, recorriendo las calles, recorriendo los barrios\u201d, a\u00f1adi\u00f3.<\/p>\n\n\n\n<p class=\"wp-block-paragraph\">Por su parte, Hissa detall\u00f3 que&nbsp;<strong>la intervenci\u00f3n en la zona comprendi\u00f3 la repavimentaci\u00f3n de ocho cuadras<\/strong>, cuatro sobre Marcelino Poblet y cuatro sobre Dominicos Puntanos, adem\u00e1s de la&nbsp;<strong>recuperaci\u00f3n del espacio ubicado sobre el boulevard Luis Jufr\u00e9<\/strong>. El Intendente explic\u00f3 que el sector hab\u00eda sido identificado por los propios vecinos como una zona deteriorada, ya que \u201chace 25 a\u00f1os no pasaba una m\u00e1quina por ac\u00e1\u201d, afirm\u00f3.<\/p>\n\n\n\n<p class=\"wp-block-paragraph\">La intervenci\u00f3n incluy\u00f3 aproximadamente 150 metros lineales de vereda, rampas de accesibilidad, mobiliario urbano, plateas, p\u00e9rgolas, poda de despeje y nuevas luminarias led. Tambi\u00e9n se colocaron carteles nomencladores y cestos de residuos.<\/p>\n\n\n\n<p class=\"wp-block-paragraph\"><strong>Hissa anunci\u00f3 adem\u00e1s que se instalar\u00e1 una c\u00e1mara destinada a detectar infracciones vinculadas con la disposici\u00f3n de residuos, con el objetivo de evitar que el sector vuelva a convertirse en un microbasural.<\/strong><\/p>\n\n\n\n<p class=\"wp-block-paragraph\">El Jefe Comunal destac\u00f3 que el objetivo es sostener una pol\u00edtica de intervenci\u00f3n en los distintos barrios de la ciudad. \u201cNo queremos que ning\u00fan barrio quede atr\u00e1s, no queremos que ning\u00fan barrio quede postergado\u201d, afirm\u00f3. Y como parte de la recuperaci\u00f3n del espacio, tambi\u00e9n se present\u00f3 al nuevo placero del paseo lineal, un vecino del barrio que tendr\u00e1 a su cargo tareas de mantenimiento del sector.<\/p>\n","protected":false},"excerpt":{"rendered":"<p>El gobernador Claudio Poggi acompa\u00f1\u00f3 este martes al intendente de San Luis, Gast\u00f3n Hissa, en<\/p>\n","protected":false},"author":4,"featured_media":23376,"comment_status":"closed","ping_status":"closed","sticky":false,"template":"","format":"standard","meta":{"footnotes":""},"categories":[4],"tags":[],"class_list":["post-23375","post","type-post","status-publish","format-standard","has-post-thumbnail","hentry","category-la-provincia"],"_links":{"self":[{"href":"https:\/\/lavozpuntana.com\/index.php?rest_route=\/wp\/v2\/posts\/23375","targetHints":{"allow":["GET"]}}],"collection":[{"href":"https:\/\/lavozpuntana.com\/index.php?rest_route=\/wp\/v2\/posts"}],"about":[{"href":"https:\/\/lavozpuntana.com\/index.php?rest_route=\/wp\/v2\/types\/post"}],"author":[{"embeddable":true,"href":"https:\/\/lavozpuntana.com\/index.php?rest_route=\/wp\/v2\/users\/4"}],"replies":[{"embeddable":true,"href":"https:\/\/lavozpuntana.com\/index.php?rest_route=%2Fwp%2Fv2%2Fcomments&post=23375"}],"version-history":[{"count":1,"href":"https:\/\/lavozpuntana.com\/index.php?rest_route=\/wp\/v2\/posts\/23375\/revisions"}],"predecessor-version":[{"id":23377,"href":"https:\/\/lavozpuntana.com\/index.php?rest_route=\/wp\/v2\/posts\/23375\/revisions\/23377"}],"wp:featuredmedia":[{"embeddable":true,"href":"https:\/\/lavozpuntana.com\/index.php?rest_route=\/wp\/v2\/media\/23376"}],"wp:attachment":[{"href":"https:\/\/lavozpuntana.com\/index.php?rest_route=%2Fwp%2Fv2%2Fmedia&parent=23375"}],"wp:term":[{"taxonomy":"category","embeddable":true,"href":"https:\/\/lavozpuntana.com\/index.php?rest_route=%2Fwp%2Fv2%2Fcategories&post=23375"},{"taxonomy":"post_tag","embeddable":true,"href":"https:\/\/lavozpuntana.com\/index.php?rest_route=%2Fwp%2Fv2%2Ftags&post=23375"}],"curies":[{"name":"wp","href":"https:\/\/api.w.org\/{rel}","templated":true}]}}