{"id":23378,"date":"2026-09-02T12:31:35","date_gmt":"2026-09-02T15:31:35","guid":{"rendered":"https:\/\/lavozpuntana.com\/?p=23378"},"modified":"2026-09-02T12:31:36","modified_gmt":"2026-09-02T15:31:36","slug":"el-barrio-castellani-recupero-un-espacio-verde-que-sera-un-nuevo-punto-de-encuentro-para-los-vecinos","status":"publish","type":"post","link":"https:\/\/lavozpuntana.com\/?p=23378","title":{"rendered":"EL BARRIO CASTELLANI RECUPER\u00d3 UN ESPACIO VERDE QUE SER\u00c1 UN NUEVO PUNTO DE ENCUENTRO PARA LOS VECINOS"},"content":{"rendered":"\n<figure class=\"wp-block-image size-large\"><img loading=\"lazy\" decoding=\"async\" width=\"1024\" height=\"681\" src=\"https:\/\/lavozpuntana.com\/wp-content\/uploads\/2026\/09\/WhatsApp-Image-2026-09-01-at-1.41.43-PM-1024x681.jpeg\" alt=\"\" class=\"wp-image-23379\" srcset=\"https:\/\/lavozpuntana.com\/wp-content\/uploads\/2026\/09\/WhatsApp-Image-2026-09-01-at-1.41.43-PM-1024x681.jpeg 1024w, https:\/\/lavozpuntana.com\/wp-content\/uploads\/2026\/09\/WhatsApp-Image-2026-09-01-at-1.41.43-PM-300x199.jpeg 300w, https:\/\/lavozpuntana.com\/wp-content\/uploads\/2026\/09\/WhatsApp-Image-2026-09-01-at-1.41.43-PM-767x510.jpeg 767w, https:\/\/lavozpuntana.com\/wp-content\/uploads\/2026\/09\/WhatsApp-Image-2026-09-01-at-1.41.43-PM.jpeg 1280w\" sizes=\"auto, (max-width: 1024px) 100vw, 1024px\" \/><\/figure>\n\n\n\n<p class=\"wp-block-paragraph\"><strong>El gobernador Claudio Poggi acompa\u00f1\u00f3 al intendente de San Luis, Gast\u00f3n Hissa, en la puesta en valor de un espacio verde y del Centro de Fomento Comunitario del barrio Residencial Castellani, ubicado entre las calles Tom\u00e1s Jofr\u00e9 y La Rioja, en el marco del plan \u2018Volv\u00e9 a tu Plaza\u2019.<\/strong><\/p>\n\n\n\n<p class=\"wp-block-paragraph\">El&nbsp;<strong>gobernador Claudio Poggi<\/strong>&nbsp;particip\u00f3 de la inauguraci\u00f3n oficial de una plazoleta en el barrio Residencial Castellani. La intervenci\u00f3n surgi\u00f3 a partir del di\u00e1logo entre la comisi\u00f3n vecinal y el Municipio. Incluy\u00f3 trabajos de recuperaci\u00f3n y acondicionamiento del espacio, mejoras en las instalaciones del centro comunitario, poda, limpieza, nuevas luminarias, cerramientos, calefacci\u00f3n, mobiliario y la realizaci\u00f3n de un mural.<\/p>\n\n\n\n<p class=\"wp-block-paragraph\">Durante el acto, Poggi destac\u00f3 el rol de los vecinos y la articulaci\u00f3n entre Provincia y Municipio: \u201cFelicitaciones a la comisi\u00f3n, felicitaciones a los vecinos que se involucran, al Municipio que con las orejas bien abiertas escucha y ejecuta en funci\u00f3n a los planteos, a las prioridades, a las necesidades\u201d, sostuvo.<\/p>\n\n\n\n<p class=\"wp-block-paragraph\"><strong>El Gobernador remarc\u00f3 que la posibilidad de trabajar de manera coordinada entre las instituciones es una fortaleza<\/strong>&nbsp;que debe sostenerse en el tiempo \u201cporque no siempre pas\u00f3 y hoy est\u00e1 pasando en San Luis\u201d.<\/p>\n\n\n\n<p class=\"wp-block-paragraph\">En ese sentido, se\u00f1al\u00f3 que la coordinaci\u00f3n permite unir esfuerzos y presupuestos en beneficio directo de los vecinos, y expres\u00f3: \u201cCuando se hacen bien las cosas, los beneficiarios, obviamente, son los vecinos\u201d. Y tambi\u00e9n puso en valor el contacto directo entre los funcionarios y los ciudadanos, y consider\u00f3 que \u201cla otra fortaleza que tenemos que cuidar es&nbsp;<strong>poder estar cerca<\/strong>\u201d.<\/p>\n\n\n\n<p class=\"wp-block-paragraph\">El Mandatario destac\u00f3 el trabajo en el barrio a partir de las reuniones entre el Municipio y los vecinos porque \u201cestar cerca es poder escuchar, recibir la notita, la queja, el elogio, lo que sea, pero estar cerca\u201d. \u201cEstar cerca ayuda. Es la forma que hemos elegido de gobernar\u201d, sostuvo.<\/p>\n\n\n\n<p class=\"wp-block-paragraph\">Por su parte,&nbsp;<strong>Hissa explic\u00f3 que la recuperaci\u00f3n del espacio se gest\u00f3 a partir de una reuni\u00f3n con los vecinos realizada meses atr\u00e1s<\/strong>. En aquel encuentro, adem\u00e1s de resolver cuestiones inmediatas vinculadas con la iluminaci\u00f3n, el Municipio propuso avanzar sobre los proyectos que las familias imaginaban para el sector.<\/p>\n\n\n\n<p class=\"wp-block-paragraph\">\u201cPasemos al cap\u00edtulo de los sue\u00f1os. \u00bfQu\u00e9 sue\u00f1an ustedes para el barrio?\u201d, record\u00f3 el Intendente que plante\u00f3 durante aquella primera reuni\u00f3n. Entre las propuestas apareci\u00f3 la necesidad de recuperar el centro comunitario como lugar de encuentro y generar un espacio donde tambi\u00e9n pudieran desarrollarse actividades de la comisi\u00f3n de j\u00f3venes y ferias de emprendedores. La intervenci\u00f3n busc\u00f3 darle esa nueva funci\u00f3n al lugar.<\/p>\n\n\n\n<p class=\"wp-block-paragraph\">Hissa remarc\u00f3 adem\u00e1s que el objetivo de la gesti\u00f3n municipal es avanzar en los distintos sectores de la ciudad \u201cpara que ning\u00fan barrio ni ninguna zona quede atr\u00e1s\u201d.<\/p>\n\n\n\n<p class=\"wp-block-paragraph\">La comisi\u00f3n vecinal tambi\u00e9n destac\u00f3 el resultado de los trabajos y una de sus representantes sostuvo que<strong>&nbsp;\u201cuna plaza no es solamente un espacio verde. Es un lugar de encuentro donde los vecinos nos saludamos, donde juegan nuestros ni\u00f1os, nietos, donde las familias compartimos momentos festivos, distintas actividades y donde construimos v\u00ednculos\u201d<\/strong>.<\/p>\n\n\n\n<p class=\"wp-block-paragraph\">La vecina agradeci\u00f3 adem\u00e1s al Municipio por haber escuchado los planteos realizados durante aquella primera reuni\u00f3n y asumi\u00f3 el compromiso de la comunidad de mantener el lugar en buenas condiciones.<\/p>\n\n\n\n<p class=\"wp-block-paragraph\">\u201cDe nuestra parte, actual comisi\u00f3n y vecinos, asumimos como compromiso cuidar esta plaza, valorarla y trabajar para seguir sumando esfuerzos, ideas y voluntades para construir una comunidad unida y solidaria\u201d, sostuvo.<\/p>\n\n\n\n<p class=\"wp-block-paragraph\">La actividad concluy\u00f3 con la entrega de elementos para el mantenimiento del espacio verde y la puesta en funcionamiento del sector recuperado, que qued\u00f3 a disposici\u00f3n de los vecinos del barrio Castellani.<\/p>\n","protected":false},"excerpt":{"rendered":"<p>El gobernador Claudio Poggi acompa\u00f1\u00f3 al intendente de San Luis, Gast\u00f3n Hissa, en la puesta<\/p>\n","protected":false},"author":4,"featured_media":23379,"comment_status":"closed","ping_status":"closed","sticky":false,"template":"","format":"standard","meta":{"footnotes":""},"categories":[4],"tags":[],"class_list":["post-23378","post","type-post","status-publish","format-standard","has-post-thumbnail","hentry","category-la-provincia"],"_links":{"self":[{"href":"https:\/\/lavozpuntana.com\/index.php?rest_route=\/wp\/v2\/posts\/23378","targetHints":{"allow":["GET"]}}],"collection":[{"href":"https:\/\/lavozpuntana.com\/index.php?rest_route=\/wp\/v2\/posts"}],"about":[{"href":"https:\/\/lavozpuntana.com\/index.php?rest_route=\/wp\/v2\/types\/post"}],"author":[{"embeddable":true,"href":"https:\/\/lavozpuntana.com\/index.php?rest_route=\/wp\/v2\/users\/4"}],"replies":[{"embeddable":true,"href":"https:\/\/lavozpuntana.com\/index.php?rest_route=%2Fwp%2Fv2%2Fcomments&post=23378"}],"version-history":[{"count":1,"href":"https:\/\/lavozpuntana.com\/index.php?rest_route=\/wp\/v2\/posts\/23378\/revisions"}],"predecessor-version":[{"id":23380,"href":"https:\/\/lavozpuntana.com\/index.php?rest_route=\/wp\/v2\/posts\/23378\/revisions\/23380"}],"wp:featuredmedia":[{"embeddable":true,"href":"https:\/\/lavozpuntana.com\/index.php?rest_route=\/wp\/v2\/media\/23379"}],"wp:attachment":[{"href":"https:\/\/lavozpuntana.com\/index.php?rest_route=%2Fwp%2Fv2%2Fmedia&parent=23378"}],"wp:term":[{"taxonomy":"category","embeddable":true,"href":"https:\/\/lavozpuntana.com\/index.php?rest_route=%2Fwp%2Fv2%2Fcategories&post=23378"},{"taxonomy":"post_tag","embeddable":true,"href":"https:\/\/lavozpuntana.com\/index.php?rest_route=%2Fwp%2Fv2%2Ftags&post=23378"}],"curies":[{"name":"wp","href":"https:\/\/api.w.org\/{rel}","templated":true}]}}