{"id":23385,"date":"2026-09-04T14:55:37","date_gmt":"2026-09-04T17:55:37","guid":{"rendered":"https:\/\/lavozpuntana.com\/?p=23385"},"modified":"2026-09-04T14:55:37","modified_gmt":"2026-09-04T17:55:37","slug":"presentan-resultados-de-una-investigacion-clave-sobre-educacion-rural-y-de-aprendizaje-en-san-luis","status":"publish","type":"post","link":"https:\/\/lavozpuntana.com\/?p=23385","title":{"rendered":"PRESENTAN RESULTADOS DE UNA INVESTIGACI\u00d3N CLAVE SOBRE EDUCACI\u00d3N RURAL Y DE APRENDIZAJE EN SAN LUIS"},"content":{"rendered":"\n<figure class=\"wp-block-image size-large\"><img loading=\"lazy\" decoding=\"async\" width=\"1024\" height=\"768\" src=\"https:\/\/lavozpuntana.com\/wp-content\/uploads\/2026\/09\/78dfd115-8e71-4afb-b978-ec1abbb14125-1024x768.jpg\" alt=\"\" class=\"wp-image-23386\" srcset=\"https:\/\/lavozpuntana.com\/wp-content\/uploads\/2026\/09\/78dfd115-8e71-4afb-b978-ec1abbb14125-1024x768.jpg 1024w, https:\/\/lavozpuntana.com\/wp-content\/uploads\/2026\/09\/78dfd115-8e71-4afb-b978-ec1abbb14125-300x225.jpg 300w, https:\/\/lavozpuntana.com\/wp-content\/uploads\/2026\/09\/78dfd115-8e71-4afb-b978-ec1abbb14125-768x576.jpg 768w, https:\/\/lavozpuntana.com\/wp-content\/uploads\/2026\/09\/78dfd115-8e71-4afb-b978-ec1abbb14125-1536x1153.jpg 1536w, https:\/\/lavozpuntana.com\/wp-content\/uploads\/2026\/09\/78dfd115-8e71-4afb-b978-ec1abbb14125-720x540.jpg 720w, https:\/\/lavozpuntana.com\/wp-content\/uploads\/2026\/09\/78dfd115-8e71-4afb-b978-ec1abbb14125.jpg 1599w\" sizes=\"auto, (max-width: 1024px) 100vw, 1024px\" \/><\/figure>\n\n\n\n<p class=\"wp-block-paragraph\">El estudio, desarrollado por el Instituto Superior de Educaci\u00f3n e Innovaci\u00f3n (ISeEI) San Francisco en la Regi\u00f3n VI, propone cambiar la mirada tradicional sobre las escuelas de Personal \u00danico y la necesidad de pol\u00edticas contextualizadas a la ruralidad actual.<\/p>\n\n\n\n<p class=\"wp-block-paragraph\">Un equipo de investigadores del Instituto Superior de Educaci\u00f3n e Innovaci\u00f3n (ISeEI) de San Francisco concluy\u00f3 la \u00faltima etapa de la investigaci\u00f3n titulada: \u201cNecesidades Educativas Especiales y Barreras para el Aprendizaje en Escuelas Primarias Rurales de Plurigrado de Personal \u00danico: identificaci\u00f3n, an\u00e1lisis y estrategias de intervenci\u00f3n en la Regi\u00f3n VI de San Luis\u201d.<\/p>\n\n\n\n<p class=\"wp-block-paragraph\">&nbsp;El estudio presenta diagn\u00f3sticos territoriales destinados a sentar las bases de futuras pol\u00edticas p\u00fablicas y dispositivos de apoyo escolar adaptados al contexto local.<\/p>\n\n\n\n<p class=\"wp-block-paragraph\">La investigaci\u00f3n invita a desarmar la hist\u00f3rica l\u00f3gica del d\u00e9ficit con la que se ha evaluado a la escuela rural frente al modelo urbano. Seg\u00fan el equipo docente, la escuela de personal \u00fanico debe concebirse como una forma escolar singular y un espacio donde se gestan saberes pedag\u00f3gicos de alta complejidad, condicionados por la modalidad de plurigrado, donde el docente asume de forma simult\u00e1nea funciones pedag\u00f3gicas, directivas y administrativas.<\/p>\n\n\n\n<p class=\"wp-block-paragraph\"><strong>Desaf\u00edos en la \u00abnueva ruralidad\u00bb: de las barreras f\u00edsicas a la neurodiversidad<\/strong><\/p>\n\n\n\n<p class=\"wp-block-paragraph\">Si bien se registran avances en infraestructura edilicia y conectividad por parte del Estado, el informe resalta que la ruralidad actual enfrenta desaf\u00edos invisibles dentro de los procesos de ense\u00f1anza. Entre ellos se destacan las barreras para el aprendizaje vinculadas a necesidades educativas especiales y la neurodivergencia, tales como procesamiento sensorial at\u00edpico, dificultades en el lenguaje, d\u00e9ficit de atenci\u00f3n, autismo y retos de autorregulaci\u00f3n.<\/p>\n\n\n\n<p class=\"wp-block-paragraph\">Frente a la falta de marcos adaptados, los docentes de personal \u00fanico apelan con frecuencia a una \u00abpedagog\u00eda artesanal\u00bb, aplicando intuiciones afines al Dise\u00f1o Universal para el Aprendizaje (DUA) y convirtiendo la heterogeneidad del plurigrado en una fortaleza a trav\u00e9s del trabajo colaborativo y la tutor\u00eda entre pares.<\/p>\n\n\n\n<p class=\"wp-block-paragraph\">Sin embargo, el informe advierte que sin un respaldo institucional sistem\u00e1tico se corre el riesgo de caer en situaciones de \u00abinclusi\u00f3n pasiva\u00bb o desgaste docente. \u00abCuando pensamos en la educaci\u00f3n rural, no podemos seguir aplicando las mismas recetas que en las escuelas urbanas.<\/p>\n\n\n\n<p class=\"wp-block-paragraph\">En el d\u00eda a d\u00eda del aula plurigrado, la complejidad del aprendizaje no solo responde a aspectos pedag\u00f3gicos, sino a c\u00f3mo el entorno, los recursos y las barreras invisibles condicionan la participaci\u00f3n real de cada estudiante.<\/p>\n\n\n\n<p class=\"wp-block-paragraph\">El objetivo es generar diagn\u00f3sticos territoriales reales para impulsar pol\u00edticas educativas contextualizadas\u00bb, explicaron desde la direcci\u00f3n del proyecto.<\/p>\n\n\n\n<p class=\"wp-block-paragraph\"><strong>Articulaci\u00f3n interinstitucional para el cambio<\/strong><\/p>\n\n\n\n<p class=\"wp-block-paragraph\">Los resultados preliminares se\u00f1alan que para consolidar una inclusi\u00f3n efectiva es imprescindible la reestructuraci\u00f3n del modelo pedag\u00f3gico tradicional y la articulaci\u00f3n entre los Institutos de Educaci\u00f3n Superior, el Ministerio de Educaci\u00f3n y las \u00e1reas de Salud y Desarrollo Social.<\/p>\n\n\n\n<p class=\"wp-block-paragraph\">El proyecto cuenta con el respaldo del ISeEI San Francisco, la Secretar\u00eda de Nivel Superior, la Secretar\u00eda de Educaci\u00f3n Obligatoria y la Subsecretar\u00eda de Educaci\u00f3n Rural, junto con la colaboraci\u00f3n activa de las comunidades educativas de la Regi\u00f3n VI.<\/p>\n\n\n\n<p class=\"wp-block-paragraph\">El equipo investigador aguarda que estos datos sirvan como insumo para el dise\u00f1o de capacitaciones docentes, dispositivos de acompa\u00f1amiento territorial y programas espec\u00edficos de apoyo a la inclusi\u00f3n.<\/p>\n","protected":false},"excerpt":{"rendered":"<p>El estudio, desarrollado por el Instituto Superior de Educaci\u00f3n e Innovaci\u00f3n (ISeEI) San Francisco en<\/p>\n","protected":false},"author":4,"featured_media":23386,"comment_status":"closed","ping_status":"closed","sticky":false,"template":"","format":"standard","meta":{"footnotes":""},"categories":[4],"tags":[],"class_list":["post-23385","post","type-post","status-publish","format-standard","has-post-thumbnail","hentry","category-la-provincia"],"_links":{"self":[{"href":"https:\/\/lavozpuntana.com\/index.php?rest_route=\/wp\/v2\/posts\/23385","targetHints":{"allow":["GET"]}}],"collection":[{"href":"https:\/\/lavozpuntana.com\/index.php?rest_route=\/wp\/v2\/posts"}],"about":[{"href":"https:\/\/lavozpuntana.com\/index.php?rest_route=\/wp\/v2\/types\/post"}],"author":[{"embeddable":true,"href":"https:\/\/lavozpuntana.com\/index.php?rest_route=\/wp\/v2\/users\/4"}],"replies":[{"embeddable":true,"href":"https:\/\/lavozpuntana.com\/index.php?rest_route=%2Fwp%2Fv2%2Fcomments&post=23385"}],"version-history":[{"count":1,"href":"https:\/\/lavozpuntana.com\/index.php?rest_route=\/wp\/v2\/posts\/23385\/revisions"}],"predecessor-version":[{"id":23387,"href":"https:\/\/lavozpuntana.com\/index.php?rest_route=\/wp\/v2\/posts\/23385\/revisions\/23387"}],"wp:featuredmedia":[{"embeddable":true,"href":"https:\/\/lavozpuntana.com\/index.php?rest_route=\/wp\/v2\/media\/23386"}],"wp:attachment":[{"href":"https:\/\/lavozpuntana.com\/index.php?rest_route=%2Fwp%2Fv2%2Fmedia&parent=23385"}],"wp:term":[{"taxonomy":"category","embeddable":true,"href":"https:\/\/lavozpuntana.com\/index.php?rest_route=%2Fwp%2Fv2%2Fcategories&post=23385"},{"taxonomy":"post_tag","embeddable":true,"href":"https:\/\/lavozpuntana.com\/index.php?rest_route=%2Fwp%2Fv2%2Ftags&post=23385"}],"curies":[{"name":"wp","href":"https:\/\/api.w.org\/{rel}","templated":true}]}}