{"id":23388,"date":"2026-09-04T14:59:23","date_gmt":"2026-09-04T17:59:23","guid":{"rendered":"https:\/\/lavozpuntana.com\/?p=23388"},"modified":"2026-09-04T14:59:24","modified_gmt":"2026-09-04T17:59:24","slug":"el-gobernador-poggi-acompano-a-29-profesionales-de-la-salud-en-su-acto-de-colacion","status":"publish","type":"post","link":"https:\/\/lavozpuntana.com\/?p=23388","title":{"rendered":"EL GOBERNADOR POGGI ACOMPA\u00d1\u00d3 A 29 PROFESIONALES DE LA SALUD EN SU ACTO DE COLACI\u00d3N"},"content":{"rendered":"\n<figure class=\"wp-block-image size-large\"><img loading=\"lazy\" decoding=\"async\" width=\"1024\" height=\"682\" src=\"https:\/\/lavozpuntana.com\/wp-content\/uploads\/2026\/09\/WhatsApp-Image-2026-09-04-at-12.26.55-1024x682.jpeg\" alt=\"\" class=\"wp-image-23389\" srcset=\"https:\/\/lavozpuntana.com\/wp-content\/uploads\/2026\/09\/WhatsApp-Image-2026-09-04-at-12.26.55-1024x682.jpeg 1024w, https:\/\/lavozpuntana.com\/wp-content\/uploads\/2026\/09\/WhatsApp-Image-2026-09-04-at-12.26.55-300x200.jpeg 300w, https:\/\/lavozpuntana.com\/wp-content\/uploads\/2026\/09\/WhatsApp-Image-2026-09-04-at-12.26.55-767x511.jpeg 767w, https:\/\/lavozpuntana.com\/wp-content\/uploads\/2026\/09\/WhatsApp-Image-2026-09-04-at-12.26.55-1536x1024.jpeg 1536w, https:\/\/lavozpuntana.com\/wp-content\/uploads\/2026\/09\/WhatsApp-Image-2026-09-04-at-12.26.55-2048x1365.jpeg 2048w\" sizes=\"auto, (max-width: 1024px) 100vw, 1024px\" \/><\/figure>\n\n\n\n<p class=\"wp-block-paragraph\"><strong>Los flamantes graduados realizaron las residencias m\u00e9dicas y muchos de ellos proyectan su desempe\u00f1o profesional en la provincia. Los actores sanitarios apreciaron la oportunidad de formarse en instancias de posgrado de manera local.<\/strong><\/p>\n\n\n\n<p class=\"wp-block-paragraph\">Este viernes, el Sal\u00f3n Blanco auspici\u00f3 el acto de colaci\u00f3n de residentes y equipos de salud del sistema p\u00fablico. El&nbsp;<strong>gobernador Claudio Poggi<\/strong>&nbsp;particip\u00f3 del evento, que celebr\u00f3 el esfuerzo de 23 residentes y seis jefes de residencia.<\/p>\n\n\n\n<p class=\"wp-block-paragraph\">Los profesionales recibieron una formaci\u00f3n integral de posgrado, de car\u00e1cter remunerado, que se desarrolla en el contexto del trabajo asistencial. El objetivo central de las residencias m\u00e9dicas es capacitar a profesionales con grados progresivos de responsabilidad, reflexi\u00f3n y cr\u00edtica en compromiso con la sociedad de la que forman parte.<\/p>\n\n\n\n<p class=\"wp-block-paragraph\">En representaci\u00f3n de la cohorte 2026, brind\u00f3 un discurso&nbsp;<strong>Bibiana Oros<\/strong>, quien curs\u00f3 durante cuatro a\u00f1os la especialidad de pediatr\u00eda en el Hospital Pedi\u00e1trico de San Luis. \u201cCada esfuerzo vali\u00f3 la pena. Hoy,&nbsp;<strong>con mucho m\u00e1s que conocimientos m\u00e9dicos, me llevo experiencias, aprendizajes, desaf\u00edos, noches interminables, guardias dif\u00edciles, cansancio, risas y todas las personas que hicieron que este camino fuera m\u00e1s f\u00e1cil<\/strong>\u201c, manifest\u00f3.<\/p>\n\n\n\n<p class=\"wp-block-paragraph\">Oros les agradeci\u00f3 a sus compa\u00f1eros de residencia el apoyo mutuo y a los instructores la exigencia y confianza depositada en su proceso de aprendizaje. \u201cMe voy con la emoci\u00f3n de haber cumplido un objetivo que durante mucho tiempo fue un sue\u00f1o. Nunca es f\u00e1cil despedirse del lugar en donde uno creci\u00f3, ahora me toca volver a mi pueblo, Quines, que para m\u00ed tiene un significado especial: voy con una profesi\u00f3n, con nuevas herramientas y con todo lo que estos a\u00f1os nos ense\u00f1aron\u201d, ponder\u00f3.<\/p>\n\n\n\n<p class=\"wp-block-paragraph\">La ministra de Salud, Teresa Nigra, tom\u00f3 la palabra a continuaci\u00f3n. \u201c<strong>Muchos de ustedes han sido egresados de nuestra facultades y universidades<\/strong>. Esto nos da un valor agregado a la provincia: antes ten\u00edamos que estudiar afuera para despu\u00e9s volver. Es una ventaja comparativa que estamos teniendo en estos tiempos\u201d, apreci\u00f3.<\/p>\n\n\n\n<p class=\"wp-block-paragraph\">Nigra se\u00f1al\u00f3 que completar esta etapa supone sacrificio, pero que vale la pena: \u201cHoy son todos especialistas y van a poder ser incorporados al sistema de salud p\u00fablica de San Luis. Esto no termina aqu\u00ed, tienen que seguir form\u00e1ndose y especializ\u00e1ndose para ser cada d\u00eda mejores y prestar un buen servicio de salud a la comunidad\u201d. Finalmente, les expres\u00f3 gratitud a los padres y familiares de los residentes por acompa\u00f1arlos en cada tramo.<\/p>\n\n\n\n<p class=\"wp-block-paragraph\">Seguidamente, hicieron entrega formal de los diplomas para las siguientes especialidades:&nbsp;<strong>medicina general, anestesiolog\u00eda, bioqu\u00edmica cl\u00ednica, cirug\u00eda general, cl\u00ednica m\u00e9dica, infectolog\u00eda, ortopedia y traumatolog\u00eda, terapia intensiva de adultos, pediatr\u00eda y tocoginecolog\u00eda.<\/strong><\/p>\n\n\n\n<p class=\"wp-block-paragraph\">Como broche de oro y para cerrar la jornada, los 29 egresados se tomaron una fotograf\u00eda conjunta con el Jefe de Estado, mostr\u00e1ndose visiblemente orgullosos de sus logros.<\/p>\n\n\n\n<p class=\"wp-block-paragraph\">Los 29 graduados tomar\u00e1n diferentes rumbos. Seis ser\u00e1n jefes de residentes, dos realizar\u00e1n otra residencia en dermatolog\u00eda pedi\u00e1trica e infectolog\u00eda, uno se desempe\u00f1ar\u00e1 como pediatra en Quines, otro como traumat\u00f3logo en Villa Mercedes y 10 tendr\u00e1n contratos de locaci\u00f3n de servicios.<\/p>\n\n\n\n<p class=\"wp-block-paragraph\">A su vez, en el \u00e1rea de bioqu\u00edmica, uno de los flamantes egresados trabajar\u00e1 en el Hospital Pedi\u00e1trico San Luis y otro ser\u00e1 jefe de residentes. Por otra parte, los profesionales que egresaron de RISAMC 7 est\u00e1n integrados por dos trabajadores sociales, un m\u00fasicoterapeuta, dos enfermeros, y 2 psicol\u00f3gos.<\/p>\n","protected":false},"excerpt":{"rendered":"<p>Los flamantes graduados realizaron las residencias m\u00e9dicas y muchos de ellos proyectan su desempe\u00f1o profesional<\/p>\n","protected":false},"author":4,"featured_media":23389,"comment_status":"closed","ping_status":"closed","sticky":false,"template":"","format":"standard","meta":{"footnotes":""},"categories":[4],"tags":[],"class_list":["post-23388","post","type-post","status-publish","format-standard","has-post-thumbnail","hentry","category-la-provincia"],"_links":{"self":[{"href":"https:\/\/lavozpuntana.com\/index.php?rest_route=\/wp\/v2\/posts\/23388","targetHints":{"allow":["GET"]}}],"collection":[{"href":"https:\/\/lavozpuntana.com\/index.php?rest_route=\/wp\/v2\/posts"}],"about":[{"href":"https:\/\/lavozpuntana.com\/index.php?rest_route=\/wp\/v2\/types\/post"}],"author":[{"embeddable":true,"href":"https:\/\/lavozpuntana.com\/index.php?rest_route=\/wp\/v2\/users\/4"}],"replies":[{"embeddable":true,"href":"https:\/\/lavozpuntana.com\/index.php?rest_route=%2Fwp%2Fv2%2Fcomments&post=23388"}],"version-history":[{"count":1,"href":"https:\/\/lavozpuntana.com\/index.php?rest_route=\/wp\/v2\/posts\/23388\/revisions"}],"predecessor-version":[{"id":23390,"href":"https:\/\/lavozpuntana.com\/index.php?rest_route=\/wp\/v2\/posts\/23388\/revisions\/23390"}],"wp:featuredmedia":[{"embeddable":true,"href":"https:\/\/lavozpuntana.com\/index.php?rest_route=\/wp\/v2\/media\/23389"}],"wp:attachment":[{"href":"https:\/\/lavozpuntana.com\/index.php?rest_route=%2Fwp%2Fv2%2Fmedia&parent=23388"}],"wp:term":[{"taxonomy":"category","embeddable":true,"href":"https:\/\/lavozpuntana.com\/index.php?rest_route=%2Fwp%2Fv2%2Fcategories&post=23388"},{"taxonomy":"post_tag","embeddable":true,"href":"https:\/\/lavozpuntana.com\/index.php?rest_route=%2Fwp%2Fv2%2Ftags&post=23388"}],"curies":[{"name":"wp","href":"https:\/\/api.w.org\/{rel}","templated":true}]}}