{"id":23391,"date":"2026-09-04T15:03:09","date_gmt":"2026-09-04T18:03:09","guid":{"rendered":"https:\/\/lavozpuntana.com\/?p=23391"},"modified":"2026-09-04T15:03:10","modified_gmt":"2026-09-04T18:03:10","slug":"avanzan-las-obras-de-terminacion-del-polideportivo-de-la-villa-deportiva","status":"publish","type":"post","link":"https:\/\/lavozpuntana.com\/?p=23391","title":{"rendered":"AVANZAN LAS OBRAS DE TERMINACI\u00d3N DEL POLIDEPORTIVO DE LA VILLA DEPORTIVA"},"content":{"rendered":"\n<figure class=\"wp-block-image size-large\"><img loading=\"lazy\" decoding=\"async\" width=\"1024\" height=\"768\" src=\"https:\/\/lavozpuntana.com\/wp-content\/uploads\/2026\/09\/WhatsApp-Image-2026-09-04-at-13.46.11-1024x768.jpeg\" alt=\"\" class=\"wp-image-23392\" srcset=\"https:\/\/lavozpuntana.com\/wp-content\/uploads\/2026\/09\/WhatsApp-Image-2026-09-04-at-13.46.11-1024x768.jpeg 1024w, https:\/\/lavozpuntana.com\/wp-content\/uploads\/2026\/09\/WhatsApp-Image-2026-09-04-at-13.46.11-300x225.jpeg 300w, https:\/\/lavozpuntana.com\/wp-content\/uploads\/2026\/09\/WhatsApp-Image-2026-09-04-at-13.46.11-768x576.jpeg 768w, https:\/\/lavozpuntana.com\/wp-content\/uploads\/2026\/09\/WhatsApp-Image-2026-09-04-at-13.46.11-1536x1152.jpeg 1536w, https:\/\/lavozpuntana.com\/wp-content\/uploads\/2026\/09\/WhatsApp-Image-2026-09-04-at-13.46.11-720x540.jpeg 720w, https:\/\/lavozpuntana.com\/wp-content\/uploads\/2026\/09\/WhatsApp-Image-2026-09-04-at-13.46.11.jpeg 1600w\" sizes=\"auto, (max-width: 1024px) 100vw, 1024px\" \/><\/figure>\n\n\n\n<p class=\"wp-block-paragraph\"><strong>La intervenci\u00f3n contempla trabajos en la cubierta, revoques, contrapisos, cerramientos y la construcci\u00f3n en seco de los vestuarios y grupos sanitarios. El proyecto permitir\u00e1 completar un complejo de 5.900 metros cuadrados destinado a m\u00faltiples disciplinas deportivas.<\/strong><\/p>\n\n\n\n<p class=\"wp-block-paragraph\">La obra de terminaci\u00f3n del&nbsp;<strong>Polideportivo y Anexo de la Villa Deportiva<\/strong>, en la ciudad de San Luis, contin\u00faa avanzando con trabajos simult\u00e1neos en distintos sectores del complejo.<\/p>\n\n\n\n<p class=\"wp-block-paragraph\">La direcci\u00f3n de Obras de Arquitectura y Viviendas precis\u00f3 que, actualmente, las tareas se concentran en la ejecuci\u00f3n de&nbsp;<strong>contrapesos, revoques interiores, el armado de la cubierta de techo y contrapisos.&nbsp;<\/strong>Adem\u00e1s, se ejecuta la estructura de construcci\u00f3n en seco correspondiente a los vestuarios y grupos sanitarios.<\/p>\n\n\n\n<p class=\"wp-block-paragraph\">Tambi\u00e9n se avanza con la&nbsp;<strong>mamposter\u00eda de cierre bajo la tribuna<\/strong>, incorporando nuevos elementos a la estructura del edificio y consolidando los distintos sectores que conformar\u00e1n el espacio deportivo.<\/p>\n\n\n\n<p class=\"wp-block-paragraph\">El Gobierno provincial&nbsp;<strong>invierte en la intervenci\u00f3n m\u00e1s de $3.100 millones<\/strong>. El polideportivo tendr\u00e1 una superficie cubierta de&nbsp;<strong>5.900 metros cuadrados<\/strong>&nbsp;y contar\u00e1 con un espacio central preparado para la pr\u00e1ctica de distintas disciplinas.<\/p>\n\n\n\n<p class=\"wp-block-paragraph\">En este sector funcionar\u00e1n&nbsp;<strong>dos canchas<\/strong>&nbsp;con piso de hormig\u00f3n pulido y demarcaciones para b\u00e1squet, v\u00f3ley y handball, adem\u00e1s de vestuarios, sanitarios p\u00fablicos y adaptados, dep\u00f3sitos, sala de m\u00e1quinas, oficinas y gradas para espectadores.<\/p>\n\n\n\n<p class=\"wp-block-paragraph\">El edificio anexo sumar\u00e1&nbsp;<strong>dos canchas de squash, gimnasio, sal\u00f3n de usos m\u00faltiples, sala de prensa, enfermer\u00eda, sala de control antidoping, cafeter\u00eda, vestuarios para \u00e1rbitros y distintos espacios t\u00e9cnicos<\/strong>, entre otros ambientes destinados al desarrollo y organizaci\u00f3n de competencias.<\/p>\n\n\n\n<p class=\"wp-block-paragraph\">El proyecto mantiene la identidad arquitect\u00f3nica de la Villa Deportiva, con una estructura de hormig\u00f3n, cerramientos de termopaneles, superficies vidriadas y una doble envolvente met\u00e1lica con chapa microperforada, concebida para favorecer la iluminaci\u00f3n natural y la integraci\u00f3n del nuevo edificio con el resto del predio.<\/p>\n\n\n\n<p class=\"wp-block-paragraph\">La finalizaci\u00f3n del complejo permitir\u00e1 ampliar la infraestructura deportiva provincial y generar un espacio preparado para&nbsp;<strong>entrenamientos, competencias y actividades de distintas disciplinas<\/strong>, con capacidad para recibir eventos de nivel provincial y nacional.<\/p>\n","protected":false},"excerpt":{"rendered":"<p>La intervenci\u00f3n contempla trabajos en la cubierta, revoques, contrapisos, cerramientos y la construcci\u00f3n en seco<\/p>\n","protected":false},"author":4,"featured_media":23392,"comment_status":"closed","ping_status":"closed","sticky":false,"template":"","format":"standard","meta":{"footnotes":""},"categories":[4],"tags":[],"class_list":["post-23391","post","type-post","status-publish","format-standard","has-post-thumbnail","hentry","category-la-provincia"],"_links":{"self":[{"href":"https:\/\/lavozpuntana.com\/index.php?rest_route=\/wp\/v2\/posts\/23391","targetHints":{"allow":["GET"]}}],"collection":[{"href":"https:\/\/lavozpuntana.com\/index.php?rest_route=\/wp\/v2\/posts"}],"about":[{"href":"https:\/\/lavozpuntana.com\/index.php?rest_route=\/wp\/v2\/types\/post"}],"author":[{"embeddable":true,"href":"https:\/\/lavozpuntana.com\/index.php?rest_route=\/wp\/v2\/users\/4"}],"replies":[{"embeddable":true,"href":"https:\/\/lavozpuntana.com\/index.php?rest_route=%2Fwp%2Fv2%2Fcomments&post=23391"}],"version-history":[{"count":1,"href":"https:\/\/lavozpuntana.com\/index.php?rest_route=\/wp\/v2\/posts\/23391\/revisions"}],"predecessor-version":[{"id":23393,"href":"https:\/\/lavozpuntana.com\/index.php?rest_route=\/wp\/v2\/posts\/23391\/revisions\/23393"}],"wp:featuredmedia":[{"embeddable":true,"href":"https:\/\/lavozpuntana.com\/index.php?rest_route=\/wp\/v2\/media\/23392"}],"wp:attachment":[{"href":"https:\/\/lavozpuntana.com\/index.php?rest_route=%2Fwp%2Fv2%2Fmedia&parent=23391"}],"wp:term":[{"taxonomy":"category","embeddable":true,"href":"https:\/\/lavozpuntana.com\/index.php?rest_route=%2Fwp%2Fv2%2Fcategories&post=23391"},{"taxonomy":"post_tag","embeddable":true,"href":"https:\/\/lavozpuntana.com\/index.php?rest_route=%2Fwp%2Fv2%2Ftags&post=23391"}],"curies":[{"name":"wp","href":"https:\/\/api.w.org\/{rel}","templated":true}]}}