{"id":23394,"date":"2026-09-04T15:07:38","date_gmt":"2026-09-04T18:07:38","guid":{"rendered":"https:\/\/lavozpuntana.com\/?p=23394"},"modified":"2026-09-04T15:07:39","modified_gmt":"2026-09-04T18:07:39","slug":"mas-de-1-200-personas-recibieron-su-kit-de-semillas-y-frutales","status":"publish","type":"post","link":"https:\/\/lavozpuntana.com\/?p=23394","title":{"rendered":"M\u00c1S DE 1.200 PERSONAS RECIBIERON SU KIT DE SEMILLAS Y FRUTALES"},"content":{"rendered":"\n<figure class=\"wp-block-image size-large\"><img loading=\"lazy\" decoding=\"async\" width=\"1024\" height=\"840\" src=\"https:\/\/lavozpuntana.com\/wp-content\/uploads\/2026\/09\/WhatsApp-Image-2026-09-04-at-13.10.21-3-1024x840.jpeg\" alt=\"\" class=\"wp-image-23395\" srcset=\"https:\/\/lavozpuntana.com\/wp-content\/uploads\/2026\/09\/WhatsApp-Image-2026-09-04-at-13.10.21-3-1024x840.jpeg 1024w, https:\/\/lavozpuntana.com\/wp-content\/uploads\/2026\/09\/WhatsApp-Image-2026-09-04-at-13.10.21-3-300x246.jpeg 300w, https:\/\/lavozpuntana.com\/wp-content\/uploads\/2026\/09\/WhatsApp-Image-2026-09-04-at-13.10.21-3-767x629.jpeg 767w, https:\/\/lavozpuntana.com\/wp-content\/uploads\/2026\/09\/WhatsApp-Image-2026-09-04-at-13.10.21-3-1536x1260.jpeg 1536w, https:\/\/lavozpuntana.com\/wp-content\/uploads\/2026\/09\/WhatsApp-Image-2026-09-04-at-13.10.21-3.jpeg 1600w\" sizes=\"auto, (max-width: 1024px) 100vw, 1024px\" \/><\/figure>\n\n\n\n<p class=\"wp-block-paragraph\"><strong>La actividad organizada por el ministerio de Desarrollo Productivo Sustentable forma parte del programa \u2018Activ\u00e1 tu Huerta\u2019, destinado a vecinos y productores.<\/strong><\/p>\n\n\n\n<p class=\"wp-block-paragraph\">Las jornadas se desarrollaron en el vivero de la ex Colonia Hogar y cont\u00f3 con la participaci\u00f3n de 1.230 personas. La direcci\u00f3n de Producci\u00f3n Familiar, Frutihort\u00edcola y Ap\u00edcola contin\u00faa con la ayuda en el inicio o incremento de producciones frutihort\u00edcolas familiares.<\/p>\n\n\n\n<p class=\"wp-block-paragraph\">La iniciativa busca acompa\u00f1ar a cada vecino en el inicio o fortalecimiento de sus producciones. En esta oportunidad, cada participante recibi\u00f3 un kit de semillas y dos frutales de estaci\u00f3n (primavera-verano), que permiten avanzar hacia una producci\u00f3n sustentable y de autoconsumo.<\/p>\n\n\n\n<p class=\"wp-block-paragraph\">A partir del intercambio que tuvo lugar en la segunda Mesa Frutihort\u00edcola, realizada en San Francisco del Monte de Oro, con la participaci\u00f3n del gobernador Claudio Poggi, surgi\u00f3 la incorporaci\u00f3n de capacitaciones sobre la siembra de semillas y frutales, adem\u00e1s de los cuidados necesarios para su desarrollo. A su vez se realiz\u00f3 la&nbsp;<strong>entrega de frutales&nbsp;<\/strong>como novedad en estas ediciones del programa.<\/p>\n\n\n\n<p class=\"wp-block-paragraph\">\u201cCon cada entrega buscamos que m\u00e1s familias puedan iniciar o fortalecer sus huertas y producciones frutihort\u00edcolas. Este programa no solo brinda insumos, sino tambi\u00e9n acompa\u00f1amiento t\u00e9cnico y capacitaciones, porque nuestro objetivo es que cada vecino pueda avanzar hacia una producci\u00f3n sustentable y de autoconsumo\u201d destac\u00f3&nbsp;<strong>Diego Pierdominici<\/strong>, director de Producci\u00f3n Familiar, Frutihort\u00edcola y Ap\u00edcola.<\/p>\n\n\n\n<p class=\"wp-block-paragraph\">Para obtener m\u00e1s informaci\u00f3n pueden comunicarse a la direcci\u00f3n de Producci\u00f3n Familiar, Frutihort\u00edcola y Ap\u00edcola a trav\u00e9s del tel\u00e9fono&nbsp;<strong>2664-45200 interno 3228<\/strong>&nbsp;o por correo&nbsp;<strong>produccionfamiliar.mdp.sl@gmail.com<\/strong>.<\/p>\n","protected":false},"excerpt":{"rendered":"<p>La actividad organizada por el ministerio de Desarrollo Productivo Sustentable forma parte del programa \u2018Activ\u00e1<\/p>\n","protected":false},"author":4,"featured_media":23395,"comment_status":"closed","ping_status":"closed","sticky":false,"template":"","format":"standard","meta":{"footnotes":""},"categories":[4],"tags":[],"class_list":["post-23394","post","type-post","status-publish","format-standard","has-post-thumbnail","hentry","category-la-provincia"],"_links":{"self":[{"href":"https:\/\/lavozpuntana.com\/index.php?rest_route=\/wp\/v2\/posts\/23394","targetHints":{"allow":["GET"]}}],"collection":[{"href":"https:\/\/lavozpuntana.com\/index.php?rest_route=\/wp\/v2\/posts"}],"about":[{"href":"https:\/\/lavozpuntana.com\/index.php?rest_route=\/wp\/v2\/types\/post"}],"author":[{"embeddable":true,"href":"https:\/\/lavozpuntana.com\/index.php?rest_route=\/wp\/v2\/users\/4"}],"replies":[{"embeddable":true,"href":"https:\/\/lavozpuntana.com\/index.php?rest_route=%2Fwp%2Fv2%2Fcomments&post=23394"}],"version-history":[{"count":1,"href":"https:\/\/lavozpuntana.com\/index.php?rest_route=\/wp\/v2\/posts\/23394\/revisions"}],"predecessor-version":[{"id":23396,"href":"https:\/\/lavozpuntana.com\/index.php?rest_route=\/wp\/v2\/posts\/23394\/revisions\/23396"}],"wp:featuredmedia":[{"embeddable":true,"href":"https:\/\/lavozpuntana.com\/index.php?rest_route=\/wp\/v2\/media\/23395"}],"wp:attachment":[{"href":"https:\/\/lavozpuntana.com\/index.php?rest_route=%2Fwp%2Fv2%2Fmedia&parent=23394"}],"wp:term":[{"taxonomy":"category","embeddable":true,"href":"https:\/\/lavozpuntana.com\/index.php?rest_route=%2Fwp%2Fv2%2Fcategories&post=23394"},{"taxonomy":"post_tag","embeddable":true,"href":"https:\/\/lavozpuntana.com\/index.php?rest_route=%2Fwp%2Fv2%2Ftags&post=23394"}],"curies":[{"name":"wp","href":"https:\/\/api.w.org\/{rel}","templated":true}]}}