{"id":23397,"date":"2026-09-04T15:09:57","date_gmt":"2026-09-04T18:09:57","guid":{"rendered":"https:\/\/lavozpuntana.com\/?p=23397"},"modified":"2026-09-04T15:09:58","modified_gmt":"2026-09-04T18:09:58","slug":"la-reconstruccion-del-policlinico-de-villa-mercedes-suma-nuevos-avances","status":"publish","type":"post","link":"https:\/\/lavozpuntana.com\/?p=23397","title":{"rendered":"LA RECONSTRUCCI\u00d3N DEL POLICL\u00cdNICO DE VILLA MERCEDES SUMA NUEVOS AVANCES"},"content":{"rendered":"\n<figure class=\"wp-block-image size-large\"><img loading=\"lazy\" decoding=\"async\" width=\"1024\" height=\"685\" src=\"https:\/\/lavozpuntana.com\/wp-content\/uploads\/2026\/09\/WhatsApp-Image-2026-08-28-at-13.40.04-1024x685.jpeg\" alt=\"\" class=\"wp-image-23398\" srcset=\"https:\/\/lavozpuntana.com\/wp-content\/uploads\/2026\/09\/WhatsApp-Image-2026-08-28-at-13.40.04-1024x685.jpeg 1024w, https:\/\/lavozpuntana.com\/wp-content\/uploads\/2026\/09\/WhatsApp-Image-2026-08-28-at-13.40.04-767x513.jpeg 767w, https:\/\/lavozpuntana.com\/wp-content\/uploads\/2026\/09\/WhatsApp-Image-2026-08-28-at-13.40.04-300x201.jpeg 300w, https:\/\/lavozpuntana.com\/wp-content\/uploads\/2026\/09\/WhatsApp-Image-2026-08-28-at-13.40.04.jpeg 1200w\" sizes=\"auto, (max-width: 1024px) 100vw, 1024px\" \/><\/figure>\n\n\n\n<p class=\"wp-block-paragraph\"><strong>Las tareas actuales se concentran en el sector 1 de Internaci\u00f3n, Endoscop\u00eda y el \u00e1rea de ascensores. Tambi\u00e9n est\u00e1 pr\u00f3xima a finalizar la nueva pasarela y comenzaron las tareas para renovar la segunda etapa de las salas de internaciones.<\/strong><\/p>\n\n\n\n<p class=\"wp-block-paragraph\">Las obras de modernizaci\u00f3n y puesta en valor del&nbsp;<strong>Hospital \u2018Juan Domingo Per\u00f3n\u2019 de Villa Mercedes<\/strong>&nbsp;contin\u00faan avanzando con trabajos simult\u00e1neos en distintos sectores del establecimiento, mientras nuevas \u00e1reas se acercan a su finalizaci\u00f3n. Las intervenciones en los sectores de&nbsp;<strong>Internaci\u00f3n y Endoscop\u00eda<\/strong>, ubicados en el&nbsp;<strong>primer piso<\/strong>, comprenden la&nbsp;<strong>renovaci\u00f3n de 3.500 metros cuadrados<\/strong>.<\/p>\n\n\n\n<p class=\"wp-block-paragraph\">La direcci\u00f3n de Obras de Arquitectura y Viviendas detall\u00f3 que en el&nbsp;<strong>sector 1 de Internaci\u00f3n<\/strong>&nbsp;contin\u00faan las tareas de terminaci\u00f3n, con limpieza general, retoques de pintura, pulido de pisos y ajustes en artefactos sanitarios e instalaciones el\u00e9ctricas. Tambi\u00e9n se colocan z\u00f3calos de aluminio y guardasillas de PVC.&nbsp;<strong>El sector se encuentra pr\u00f3ximo a quedar listo para su entrega.<\/strong><\/p>\n\n\n\n<p class=\"wp-block-paragraph\">En el \u00e1rea de&nbsp;<strong>Endoscop\u00eda<\/strong>&nbsp;tambi\u00e9n avanzan las tareas finales, que incluyen trabajos sobre los revestimientos vin\u00edlicos, colocaci\u00f3n de mobiliario y equipamiento hospitalario, adem\u00e1s de tareas de limpieza y acondicionamiento general.<\/p>\n\n\n\n<p class=\"wp-block-paragraph\">Otro de los frentes importantes se encuentra en el&nbsp;<strong>\u00e1rea de ascensores<\/strong>. Ya se realiz\u00f3 la demolici\u00f3n necesaria y se trabaja en la colocaci\u00f3n del motor y los contrapesos del nuevo sistema, mientras se completa el retiro del ascensor existente.<\/p>\n\n\n\n<p class=\"wp-block-paragraph\">A esto se suma el avance de la&nbsp;<strong>nueva pasarela del sector ampliado<\/strong>, que se encuentra pr\u00f3xima a su finalizaci\u00f3n y permitir\u00e1 completar la conexi\u00f3n entre los distintos espacios del establecimiento.<\/p>\n\n\n\n<p class=\"wp-block-paragraph\">En paralelo, comenzaron las tareas de&nbsp;<strong>demolici\u00f3n y extracci\u00f3n de instalaciones obsoletas en la segunda etapa de las salas de internaci\u00f3n<\/strong>, dando lugar a una nueva instancia de intervenci\u00f3n y renovaci\u00f3n dentro del edificio.<\/p>\n\n\n\n<p class=\"wp-block-paragraph\">Los trabajos forman parte de la&nbsp;<strong>transformaci\u00f3n integral del Policl\u00ednico Regional<\/strong>, que contempla la modernizaci\u00f3n de sus espacios, la incorporaci\u00f3n de nuevo equipamiento y la adecuaci\u00f3n de sectores destinados a mejorar las condiciones de atenci\u00f3n y el funcionamiento del principal establecimiento sanitario de Villa Mercedes.<\/p>\n\n\n\n<p class=\"wp-block-paragraph\"><strong>La \u00faltima etapa ya est\u00e1 en marcha<\/strong><\/p>\n\n\n\n<p class=\"wp-block-paragraph\">El pasado 20 de agosto,&nbsp;<a href=\"https:\/\/agenciasanluis.com\/2026\/08\/20\/1199932-con-una-inversion-de-casi-500-millones-el-policlinico-entro-en-la-ultima-etapa-de-reconstruccion\/\"><strong>el gobernador Claudio Poggi firm\u00f3 el contrato para la refacci\u00f3n y puesta en valor de los accesos y espacios exteriores del Policl\u00ednico<\/strong><\/a>. Durante ese acto, Poggi record\u00f3 que el objetivo definido al inicio de la gesti\u00f3n fue restaurar el hospital y mejorar tanto sus instalaciones como su equipamiento. Tambi\u00e9n vincul\u00f3 la obra con la necesidad de garantizar mejores condiciones para los trabajadores de la salud y para los vecinos de Villa Mercedes y de toda la regi\u00f3n que utilizan sus servicios.<\/p>\n\n\n\n<p class=\"wp-block-paragraph\">Como parte del proceso de reconstrucci\u00f3n, tambi\u00e9n se realizan actualmente obras en los servicios de&nbsp;<strong>Esterilizaci\u00f3n y Odontolog\u00eda<\/strong>. En tanto, ya se completaron intervenciones en la&nbsp;<strong>planta baja<\/strong>, con la refuncionalizaci\u00f3n de la maternidad y de los sectores de obstetricia, ginecolog\u00eda y neonatolog\u00eda para establecer una nueva terapia intensiva. En la&nbsp;<strong>planta alta<\/strong>, por su parte, se modernizaron los servicios de&nbsp;<strong>Quir\u00f3fano y la Unidad de Terapia Intensiva (UTI)<\/strong>.<\/p>\n","protected":false},"excerpt":{"rendered":"<p>Las tareas actuales se concentran en el sector 1 de Internaci\u00f3n, Endoscop\u00eda y el \u00e1rea<\/p>\n","protected":false},"author":4,"featured_media":23398,"comment_status":"closed","ping_status":"closed","sticky":false,"template":"","format":"standard","meta":{"footnotes":""},"categories":[4],"tags":[],"class_list":["post-23397","post","type-post","status-publish","format-standard","has-post-thumbnail","hentry","category-la-provincia"],"_links":{"self":[{"href":"https:\/\/lavozpuntana.com\/index.php?rest_route=\/wp\/v2\/posts\/23397","targetHints":{"allow":["GET"]}}],"collection":[{"href":"https:\/\/lavozpuntana.com\/index.php?rest_route=\/wp\/v2\/posts"}],"about":[{"href":"https:\/\/lavozpuntana.com\/index.php?rest_route=\/wp\/v2\/types\/post"}],"author":[{"embeddable":true,"href":"https:\/\/lavozpuntana.com\/index.php?rest_route=\/wp\/v2\/users\/4"}],"replies":[{"embeddable":true,"href":"https:\/\/lavozpuntana.com\/index.php?rest_route=%2Fwp%2Fv2%2Fcomments&post=23397"}],"version-history":[{"count":1,"href":"https:\/\/lavozpuntana.com\/index.php?rest_route=\/wp\/v2\/posts\/23397\/revisions"}],"predecessor-version":[{"id":23399,"href":"https:\/\/lavozpuntana.com\/index.php?rest_route=\/wp\/v2\/posts\/23397\/revisions\/23399"}],"wp:featuredmedia":[{"embeddable":true,"href":"https:\/\/lavozpuntana.com\/index.php?rest_route=\/wp\/v2\/media\/23398"}],"wp:attachment":[{"href":"https:\/\/lavozpuntana.com\/index.php?rest_route=%2Fwp%2Fv2%2Fmedia&parent=23397"}],"wp:term":[{"taxonomy":"category","embeddable":true,"href":"https:\/\/lavozpuntana.com\/index.php?rest_route=%2Fwp%2Fv2%2Fcategories&post=23397"},{"taxonomy":"post_tag","embeddable":true,"href":"https:\/\/lavozpuntana.com\/index.php?rest_route=%2Fwp%2Fv2%2Ftags&post=23397"}],"curies":[{"name":"wp","href":"https:\/\/api.w.org\/{rel}","templated":true}]}}