{"id":23400,"date":"2026-09-04T15:12:16","date_gmt":"2026-09-04T18:12:16","guid":{"rendered":"https:\/\/lavozpuntana.com\/?p=23400"},"modified":"2026-09-04T15:12:16","modified_gmt":"2026-09-04T18:12:16","slug":"el-gobierno-provincial-definio-el-operativo-para-los-festejos-en-el-trapiche","status":"publish","type":"post","link":"https:\/\/lavozpuntana.com\/?p=23400","title":{"rendered":"EL GOBIERNO PROVINCIAL DEFINI\u00d3 EL OPERATIVO PARA LOS FESTEJOS EN EL TRAPICHE"},"content":{"rendered":"\n<figure class=\"wp-block-image size-large\"><img loading=\"lazy\" decoding=\"async\" width=\"1024\" height=\"683\" src=\"https:\/\/lavozpuntana.com\/wp-content\/uploads\/2026\/09\/re4-21.jpg-1024x683.jpeg\" alt=\"\" class=\"wp-image-23401\" srcset=\"https:\/\/lavozpuntana.com\/wp-content\/uploads\/2026\/09\/re4-21.jpg-1024x683.jpeg 1024w, https:\/\/lavozpuntana.com\/wp-content\/uploads\/2026\/09\/re4-21.jpg-768x512.jpeg 768w, https:\/\/lavozpuntana.com\/wp-content\/uploads\/2026\/09\/re4-21.jpg-300x200.jpeg 300w, https:\/\/lavozpuntana.com\/wp-content\/uploads\/2026\/09\/re4-21.jpg.jpeg 1200w\" sizes=\"auto, (max-width: 1024px) 100vw, 1024px\" \/><\/figure>\n\n\n\n<p class=\"wp-block-paragraph\"><strong>Una reuni\u00f3n realizada en el ministerio de Gobierno estableci\u00f3 fechas, actividades, ubicaci\u00f3n de escenarios, stands y dispositivos de seguridad y salud para las celebraciones estudiantiles.<\/strong><\/p>\n\n\n\n<p class=\"wp-block-paragraph\">El ministro de Gobierno,&nbsp;<strong>Gonzalo Amondarain<\/strong>, encabez\u00f3 una reuni\u00f3n organizativa en su despacho para coordinar el operativo de la&nbsp;<strong>Semana del Estudiante 2026 en El Trapiche<\/strong>, en el marco del trabajo conjunto que la Provincia desarrolla a\u00f1o tras a\u00f1o con la municipalidad.<\/p>\n\n\n\n<p class=\"wp-block-paragraph\">Del encuentro participaron la secretaria General de la Gobernaci\u00f3n, Romina Carbonell; el intendente de El Trapiche, Ricardo Olivera Aguirre; y directores de Salud, Seguridad, Desarrollo Humano, Turismo y Cultura, Transporte, Deportes, Comunicaci\u00f3n, Agencia de Ciencia y Tecnolog\u00eda, de la Universidad de La Punta y de la Universidad Provincial de Oficios.<\/p>\n\n\n\n<p class=\"wp-block-paragraph\">\u201cHemos realizado una reuni\u00f3n de coordinaci\u00f3n con motivo del<strong>&nbsp;festejo por el D\u00eda del Estudiante<\/strong>&nbsp;que a\u00f1o tras a\u00f1o se hace en la localidad de El Trapiche. Acordamos en conjunto con la Municipalidad que las actividades se desarrollar\u00e1n a partir del&nbsp;<strong>viernes 18, s\u00e1bado 19, domingo 20, finalizando el lunes 21<\/strong>&nbsp;que es propiamente el D\u00eda de los Estudiantes\u201d, explic\u00f3 Amondarain.<\/p>\n\n\n\n<p class=\"wp-block-paragraph\"><strong>Los eventos se llevar\u00e1n a cabo en la costanera del r\u00edo El Trapiche, particularmente en la zona del puente 4<\/strong>, donde est\u00e1 emplazada la emblem\u00e1tica cancha de v\u00f3ley que los chicos utilizan a\u00f1o tras a\u00f1o, en el horario de&nbsp;<strong>15:00 a 20:00<\/strong>.<\/p>\n\n\n\n<p class=\"wp-block-paragraph\">El operativo del ministerio de Seguridad, en conjunto con la municipalidad de El Trapiche, controlar\u00e1 el cumplimiento de la ordenanza municipal que establece la&nbsp;<strong>\u2018Ley Seca\u2019<\/strong>&nbsp;durante estos d\u00edas referida a la prohibici\u00f3n de venta y el ingreso de alcohol. Adem\u00e1s de las actividades l\u00fadicas, recreativas y deportivas, habr\u00e1 stands informativos con espacios de escucha y contenci\u00f3n vinculados a la salud mental, la prevenci\u00f3n del suicidio y la salud sexual y reproductiva.<\/p>\n\n\n\n<p class=\"wp-block-paragraph\">\u201cEl objetivo principal es que los chicos puedan disfrutar de estos d\u00edas en el lugar que eligen siempre, queremos que esa diversi\u00f3n sea sana, controlada, y en ese sentido debemos pedirle a las familias que fomenten que durante esta semana repliquen los mismos valores que inculcamos a nuestros hijos en nuestras casas y que quede en ellos un recuerdo grato de haber vivido una jornada que trasciende emocionalmente en la vida estudiantil\u201d, agreg\u00f3 el Ministro.<\/p>\n\n\n\n<p class=\"wp-block-paragraph\"><strong>Amondarain aclar\u00f3 que los operativos de seguridad y de salud comenzar\u00e1n en los d\u00edas previos a las actividades<\/strong>.&nbsp;Con este trabajo articulado entre la Provincia y el Municipio, el Gobierno busca garantizar que los j\u00f3venes puedan disfrutar de las tradicionales celebraciones en un marco de seguridad, orden y cuidado.<\/p>\n","protected":false},"excerpt":{"rendered":"<p>Una reuni\u00f3n realizada en el ministerio de Gobierno estableci\u00f3 fechas, actividades, ubicaci\u00f3n de escenarios, stands<\/p>\n","protected":false},"author":4,"featured_media":23401,"comment_status":"closed","ping_status":"closed","sticky":false,"template":"","format":"standard","meta":{"footnotes":""},"categories":[4],"tags":[],"class_list":["post-23400","post","type-post","status-publish","format-standard","has-post-thumbnail","hentry","category-la-provincia"],"_links":{"self":[{"href":"https:\/\/lavozpuntana.com\/index.php?rest_route=\/wp\/v2\/posts\/23400","targetHints":{"allow":["GET"]}}],"collection":[{"href":"https:\/\/lavozpuntana.com\/index.php?rest_route=\/wp\/v2\/posts"}],"about":[{"href":"https:\/\/lavozpuntana.com\/index.php?rest_route=\/wp\/v2\/types\/post"}],"author":[{"embeddable":true,"href":"https:\/\/lavozpuntana.com\/index.php?rest_route=\/wp\/v2\/users\/4"}],"replies":[{"embeddable":true,"href":"https:\/\/lavozpuntana.com\/index.php?rest_route=%2Fwp%2Fv2%2Fcomments&post=23400"}],"version-history":[{"count":1,"href":"https:\/\/lavozpuntana.com\/index.php?rest_route=\/wp\/v2\/posts\/23400\/revisions"}],"predecessor-version":[{"id":23402,"href":"https:\/\/lavozpuntana.com\/index.php?rest_route=\/wp\/v2\/posts\/23400\/revisions\/23402"}],"wp:featuredmedia":[{"embeddable":true,"href":"https:\/\/lavozpuntana.com\/index.php?rest_route=\/wp\/v2\/media\/23401"}],"wp:attachment":[{"href":"https:\/\/lavozpuntana.com\/index.php?rest_route=%2Fwp%2Fv2%2Fmedia&parent=23400"}],"wp:term":[{"taxonomy":"category","embeddable":true,"href":"https:\/\/lavozpuntana.com\/index.php?rest_route=%2Fwp%2Fv2%2Fcategories&post=23400"},{"taxonomy":"post_tag","embeddable":true,"href":"https:\/\/lavozpuntana.com\/index.php?rest_route=%2Fwp%2Fv2%2Ftags&post=23400"}],"curies":[{"name":"wp","href":"https:\/\/api.w.org\/{rel}","templated":true}]}}