{"id":23406,"date":"2026-09-04T15:20:03","date_gmt":"2026-09-04T18:20:03","guid":{"rendered":"https:\/\/lavozpuntana.com\/?p=23406"},"modified":"2026-09-04T15:20:04","modified_gmt":"2026-09-04T18:20:04","slug":"san-luis-impulsa-nuevos-vinculos-entre-empresas","status":"publish","type":"post","link":"https:\/\/lavozpuntana.com\/?p=23406","title":{"rendered":"SAN LUIS IMPULSA NUEVOS V\u00cdNCULOS ENTRE EMPRESAS"},"content":{"rendered":"\n<figure class=\"wp-block-image size-large\"><img loading=\"lazy\" decoding=\"async\" width=\"1024\" height=\"683\" src=\"https:\/\/lavozpuntana.com\/wp-content\/uploads\/2026\/09\/WhatsApp-Image-2026-09-03-at-16.43.32-1-1536x1024-1-1024x683.jpeg\" alt=\"\" class=\"wp-image-23407\" srcset=\"https:\/\/lavozpuntana.com\/wp-content\/uploads\/2026\/09\/WhatsApp-Image-2026-09-03-at-16.43.32-1-1536x1024-1-1024x683.jpeg 1024w, https:\/\/lavozpuntana.com\/wp-content\/uploads\/2026\/09\/WhatsApp-Image-2026-09-03-at-16.43.32-1-1536x1024-1-300x200.jpeg 300w, https:\/\/lavozpuntana.com\/wp-content\/uploads\/2026\/09\/WhatsApp-Image-2026-09-03-at-16.43.32-1-1536x1024-1-768x512.jpeg 768w, https:\/\/lavozpuntana.com\/wp-content\/uploads\/2026\/09\/WhatsApp-Image-2026-09-03-at-16.43.32-1-1536x1024-1.jpeg 1536w\" sizes=\"auto, (max-width: 1024px) 100vw, 1024px\" \/><\/figure>\n\n\n\n<p class=\"wp-block-paragraph\"><strong>El ministerio de Desarrollo Productivo Sustentable acompa\u00f1\u00f3 la firma de un nuevo convenio entre Cargill Argentina SA, Supermercados Europa y La Punilla SRL, que permitir\u00e1n avanzar en la provisi\u00f3n de insumos y la comercializaci\u00f3n de productos dentro de la provincia.<\/strong><\/p>\n\n\n\n<p class=\"wp-block-paragraph\">El acuerdo se desarrolla en a trav\u00e9s del programa de&nbsp;<strong>Desarrollo de Proveedores Locales<\/strong>, de la direcci\u00f3n de Desarrollo de Proveedores y Compre San Luis, que interviene en la articulaci\u00f3n entre las empresas para generar nuevos v\u00ednculos comerciales.<\/p>\n\n\n\n<p class=\"wp-block-paragraph\">La vinculaci\u00f3n permitir\u00e1 que&nbsp;<strong>La Punilla SRL<\/strong>&nbsp;incorpore glucosa de ma\u00edz provista por&nbsp;<strong>Cargill Argentina SA<\/strong>&nbsp;para la elaboraci\u00f3n de dulce de leche, mientras que&nbsp;<strong>Supermercados Europa<\/strong>&nbsp;sumar\u00e1 los productos de la empresa l\u00e1ctea a su cadena de comercios en Villa Mercedes.<\/p>\n\n\n\n<p class=\"wp-block-paragraph\">A partir de este acuerdo, distintas etapas de la cadena productiva podr\u00e1n desarrollarse en la provincia, optimizando tiempos y costos relacionados con la producci\u00f3n, la log\u00edstica y la distribuci\u00f3n.<\/p>\n\n\n\n<p class=\"wp-block-paragraph\">La Punilla SRL, radicada sobre la ruta provincial N\u00ba1, se dedica desde 2009 a la elaboraci\u00f3n de dulce de leche y registra una producci\u00f3n de entre 180 y 200 toneladas mensuales, con presencia comercial en 11 provincias.<\/p>\n\n\n\n<p class=\"wp-block-paragraph\">Cargill Argentina SA interviene en actividades agroindustriales relacionadas con cereales y oleaginosas, la molienda h\u00fameda de ma\u00edz y la elaboraci\u00f3n de ingredientes para la industria alimentaria. Supermercados Europa, por su parte, desarrolla su actividad comercial en Villa Mercedes, donde cuenta con m\u00e1s de tres d\u00e9cadas de trayectoria.<\/p>\n\n\n\n<p class=\"wp-block-paragraph\">\u201cDesde el Gobierno provincial buscamos acompa\u00f1ar estos procesos y facilitar las condiciones para que las empresas puedan vincularse, generar nuevas oportunidades comerciales y fortalecer a sus proveedores locales. Nuestro trabajo es acercarles las herramientas disponibles y acompa\u00f1ar cada proceso de articulaci\u00f3n\u201d, se\u00f1al\u00f3&nbsp;<strong>Sebasti\u00e1n Mohr<\/strong>, director de Desarrollo de Proveedores y Compre San Luis.<\/p>\n","protected":false},"excerpt":{"rendered":"<p>El ministerio de Desarrollo Productivo Sustentable acompa\u00f1\u00f3 la firma de un nuevo convenio entre Cargill<\/p>\n","protected":false},"author":4,"featured_media":23407,"comment_status":"closed","ping_status":"closed","sticky":false,"template":"","format":"standard","meta":{"footnotes":""},"categories":[4],"tags":[],"class_list":["post-23406","post","type-post","status-publish","format-standard","has-post-thumbnail","hentry","category-la-provincia"],"_links":{"self":[{"href":"https:\/\/lavozpuntana.com\/index.php?rest_route=\/wp\/v2\/posts\/23406","targetHints":{"allow":["GET"]}}],"collection":[{"href":"https:\/\/lavozpuntana.com\/index.php?rest_route=\/wp\/v2\/posts"}],"about":[{"href":"https:\/\/lavozpuntana.com\/index.php?rest_route=\/wp\/v2\/types\/post"}],"author":[{"embeddable":true,"href":"https:\/\/lavozpuntana.com\/index.php?rest_route=\/wp\/v2\/users\/4"}],"replies":[{"embeddable":true,"href":"https:\/\/lavozpuntana.com\/index.php?rest_route=%2Fwp%2Fv2%2Fcomments&post=23406"}],"version-history":[{"count":1,"href":"https:\/\/lavozpuntana.com\/index.php?rest_route=\/wp\/v2\/posts\/23406\/revisions"}],"predecessor-version":[{"id":23408,"href":"https:\/\/lavozpuntana.com\/index.php?rest_route=\/wp\/v2\/posts\/23406\/revisions\/23408"}],"wp:featuredmedia":[{"embeddable":true,"href":"https:\/\/lavozpuntana.com\/index.php?rest_route=\/wp\/v2\/media\/23407"}],"wp:attachment":[{"href":"https:\/\/lavozpuntana.com\/index.php?rest_route=%2Fwp%2Fv2%2Fmedia&parent=23406"}],"wp:term":[{"taxonomy":"category","embeddable":true,"href":"https:\/\/lavozpuntana.com\/index.php?rest_route=%2Fwp%2Fv2%2Fcategories&post=23406"},{"taxonomy":"post_tag","embeddable":true,"href":"https:\/\/lavozpuntana.com\/index.php?rest_route=%2Fwp%2Fv2%2Ftags&post=23406"}],"curies":[{"name":"wp","href":"https:\/\/api.w.org\/{rel}","templated":true}]}}