{"id":3140,"date":"2021-06-01T13:42:57","date_gmt":"2021-06-01T16:42:57","guid":{"rendered":"http:\/\/lavozpuntana.com\/?p=3140"},"modified":"2021-06-01T13:42:59","modified_gmt":"2021-06-01T16:42:59","slug":"la-provincia-espera-un-ingreso-de-19-200-vacunas","status":"publish","type":"post","link":"https:\/\/lavozpuntana.com\/?p=3140","title":{"rendered":"La provincia espera un ingreso de 19.200 vacunas"},"content":{"rendered":"\n<h2 class=\"wp-block-heading\" style=\"font-size:24px\">Se trata de un lote de primeras dosis de AstraZeneca, que se espera para ma\u00f1ana seg\u00fan las autoridades sanitarias. <\/h2>\n\n\n\n<figure class=\"wp-block-image size-large\"><img loading=\"lazy\" decoding=\"async\" width=\"1024\" height=\"683\" src=\"http:\/\/lavozpuntana.com\/wp-content\/uploads\/2021\/05\/astrazenecasl-1024x683.jpg\" alt=\"\" class=\"wp-image-3000\" srcset=\"https:\/\/lavozpuntana.com\/wp-content\/uploads\/2021\/05\/astrazenecasl-1024x683.jpg 1024w, https:\/\/lavozpuntana.com\/wp-content\/uploads\/2021\/05\/astrazenecasl-300x200.jpg 300w, https:\/\/lavozpuntana.com\/wp-content\/uploads\/2021\/05\/astrazenecasl-768x512.jpg 768w, https:\/\/lavozpuntana.com\/wp-content\/uploads\/2021\/05\/astrazenecasl.jpg 1200w\" sizes=\"auto, (max-width: 1024px) 100vw, 1024px\" \/><figcaption>Foto: ANSL.<\/figcaption><\/figure>\n\n\n\n<p>La provincia aguarda un ingreso r\u00e9cord: ma\u00f1ana ingresar\u00e1n a suelo puntano 19.200 dosis de AstraZeneca, en formato de primeras dosis. Las mismas ser\u00e1n recibidas en el Servicio de Inmunizaciones, de la capital provincial. Luego ser\u00e1n distribuidas a diferentes puntos de la provincia. <\/p>\n\n\n\n<p><strong>Se estima que con la aplicaci\u00f3n de estas dosis el 62% de los inscriptos quedar\u00e1 vacunado con al menos una dosis<\/strong>. Actualmente son 229.490 los puntanos que se registraron para inocularse. De esos, 124.076 ya recibieron al menos una dosis, lo que equivale al 54% de los inscriptos. <\/p>\n\n\n\n<p>Quienes quieran vacunarse deben inscribirse en el registro provincial. Pueden hacerlo por la web <a href=\"http:\/\/vacunacioncovid.sanluis.gov.ar\/\" target=\"_blank\" rel=\"noreferrer noopener\">http:\/\/vacunacioncovid.sanluis.gov.ar\/<\/a> o llamando al 911 y al 4452000 de la Autopista de la Informaci\u00f3n.<\/p>\n","protected":false},"excerpt":{"rendered":"<p>Se trata de un lote de primeras dosis de AstraZeneca, que se espera para ma\u00f1ana<\/p>\n","protected":false},"author":5,"featured_media":3000,"comment_status":"closed","ping_status":"closed","sticky":false,"template":"","format":"standard","meta":{"footnotes":""},"categories":[4],"tags":[1281,236,115,503,382],"class_list":["post-3140","post","type-post","status-publish","format-standard","has-post-thumbnail","hentry","category-la-provincia","tag-astrazeneza","tag-coronavirus","tag-covid19","tag-vacunacioncovid","tag-vacunas"],"_links":{"self":[{"href":"https:\/\/lavozpuntana.com\/index.php?rest_route=\/wp\/v2\/posts\/3140","targetHints":{"allow":["GET"]}}],"collection":[{"href":"https:\/\/lavozpuntana.com\/index.php?rest_route=\/wp\/v2\/posts"}],"about":[{"href":"https:\/\/lavozpuntana.com\/index.php?rest_route=\/wp\/v2\/types\/post"}],"author":[{"embeddable":true,"href":"https:\/\/lavozpuntana.com\/index.php?rest_route=\/wp\/v2\/users\/5"}],"replies":[{"embeddable":true,"href":"https:\/\/lavozpuntana.com\/index.php?rest_route=%2Fwp%2Fv2%2Fcomments&post=3140"}],"version-history":[{"count":1,"href":"https:\/\/lavozpuntana.com\/index.php?rest_route=\/wp\/v2\/posts\/3140\/revisions"}],"predecessor-version":[{"id":3141,"href":"https:\/\/lavozpuntana.com\/index.php?rest_route=\/wp\/v2\/posts\/3140\/revisions\/3141"}],"wp:featuredmedia":[{"embeddable":true,"href":"https:\/\/lavozpuntana.com\/index.php?rest_route=\/wp\/v2\/media\/3000"}],"wp:attachment":[{"href":"https:\/\/lavozpuntana.com\/index.php?rest_route=%2Fwp%2Fv2%2Fmedia&parent=3140"}],"wp:term":[{"taxonomy":"category","embeddable":true,"href":"https:\/\/lavozpuntana.com\/index.php?rest_route=%2Fwp%2Fv2%2Fcategories&post=3140"},{"taxonomy":"post_tag","embeddable":true,"href":"https:\/\/lavozpuntana.com\/index.php?rest_route=%2Fwp%2Fv2%2Ftags&post=3140"}],"curies":[{"name":"wp","href":"https:\/\/api.w.org\/{rel}","templated":true}]}}