{"id":3602,"date":"2023-06-21T20:07:04","date_gmt":"2023-06-21T23:07:04","guid":{"rendered":"http:\/\/lavozpuntana.com\/?p=3602"},"modified":"2023-06-21T20:07:04","modified_gmt":"2023-06-21T23:07:04","slug":"fuga-brutal-en-un-penal-de-santa-fe","status":"publish","type":"post","link":"https:\/\/lavozpuntana.com\/?p=3602","title":{"rendered":"Fuga brutal en un penal de Santa Fe"},"content":{"rendered":"\n<p><\/p>\n\n\n\n<p><\/p>\n\n\n\n<p><\/p>\n\n\n\n<figure class=\"wp-block-embed is-type-rich is-provider-twitter wp-block-embed-twitter\"><div class=\"wp-block-embed__wrapper\">\n<blockquote class=\"twitter-tweet\" data-width=\"550\" data-dnt=\"true\"><p lang=\"es\" dir=\"ltr\">DE PEL\u00cdCULA<br>Otro video de la fuga del penal de Pi\u00f1ero. Seg\u00fan las primeras versiones aportadas por la Polic\u00eda, a la que el Servicio Penitenciario pidi\u00f3 apoyo externo, al menos ocho internos pudieron escapar de la c\u00e1rcel <a href=\"https:\/\/t.co\/LWThUvovfn\">pic.twitter.com\/LWThUvovfn<\/a><\/p>&mdash; Diario El Ciudadano (@elciudadanoweb) <a href=\"https:\/\/twitter.com\/elciudadanoweb\/status\/1409285842057695234?ref_src=twsrc%5Etfw\">June 27, 2021<\/a><\/blockquote><script async src=\"https:\/\/platform.twitter.com\/widgets.js\" charset=\"utf-8\"><\/script>\n<\/div><\/figure>\n","protected":false},"excerpt":{"rendered":"","protected":false},"author":5,"featured_media":0,"comment_status":"closed","ping_status":"closed","sticky":false,"template":"","format":"standard","meta":{"footnotes":""},"categories":[1],"tags":[],"class_list":["post-3602","post","type-post","status-publish","format-standard","hentry","category-sin-categoria"],"_links":{"self":[{"href":"https:\/\/lavozpuntana.com\/index.php?rest_route=\/wp\/v2\/posts\/3602","targetHints":{"allow":["GET"]}}],"collection":[{"href":"https:\/\/lavozpuntana.com\/index.php?rest_route=\/wp\/v2\/posts"}],"about":[{"href":"https:\/\/lavozpuntana.com\/index.php?rest_route=\/wp\/v2\/types\/post"}],"author":[{"embeddable":true,"href":"https:\/\/lavozpuntana.com\/index.php?rest_route=\/wp\/v2\/users\/5"}],"replies":[{"embeddable":true,"href":"https:\/\/lavozpuntana.com\/index.php?rest_route=%2Fwp%2Fv2%2Fcomments&post=3602"}],"version-history":[{"count":1,"href":"https:\/\/lavozpuntana.com\/index.php?rest_route=\/wp\/v2\/posts\/3602\/revisions"}],"predecessor-version":[{"id":9461,"href":"https:\/\/lavozpuntana.com\/index.php?rest_route=\/wp\/v2\/posts\/3602\/revisions\/9461"}],"wp:attachment":[{"href":"https:\/\/lavozpuntana.com\/index.php?rest_route=%2Fwp%2Fv2%2Fmedia&parent=3602"}],"wp:term":[{"taxonomy":"category","embeddable":true,"href":"https:\/\/lavozpuntana.com\/index.php?rest_route=%2Fwp%2Fv2%2Fcategories&post=3602"},{"taxonomy":"post_tag","embeddable":true,"href":"https:\/\/lavozpuntana.com\/index.php?rest_route=%2Fwp%2Fv2%2Ftags&post=3602"}],"curies":[{"name":"wp","href":"https:\/\/api.w.org\/{rel}","templated":true}]}}