{"id":4816,"date":"2021-10-02T11:52:44","date_gmt":"2021-10-02T14:52:44","guid":{"rendered":"https:\/\/lavozpuntana.com\/?p=4816"},"modified":"2021-10-02T11:52:46","modified_gmt":"2021-10-02T14:52:46","slug":"la-unsl-tendra-nuevo-edificio-para-el-instituto-de-fisica-aplicada","status":"publish","type":"post","link":"https:\/\/lavozpuntana.com\/?p=4816","title":{"rendered":"La UNSL tendr\u00e1 nuevo edificio para el Instituto de F\u00edsica Aplicada"},"content":{"rendered":"\n<h2 class=\"wp-block-heading\" style=\"font-size:24px\">Es una de las 72 obras que el ministerio de Ciencia, Tecnolog\u00eda e Innovaci\u00f3n construir\u00e1 para fortalecer la estructura del CONICET. Ser\u00e1 el primer edificio del Campus Ciudad Universitaria, ubicado en ruta 3 y Los Puquios. <\/h2>\n\n\n\n<figure class=\"wp-block-image size-large is-resized\"><img loading=\"lazy\" decoding=\"async\" src=\"https:\/\/lavozpuntana.com\/wp-content\/uploads\/2021\/10\/unnamed.jpg\" alt=\"\" class=\"wp-image-4818\" width=\"676\" height=\"347\" srcset=\"https:\/\/lavozpuntana.com\/wp-content\/uploads\/2021\/10\/unnamed.jpg 512w, https:\/\/lavozpuntana.com\/wp-content\/uploads\/2021\/10\/unnamed-300x154.jpg 300w\" sizes=\"auto, (max-width: 676px) 100vw, 676px\" \/><figcaption>Foto: UNSL. <\/figcaption><\/figure>\n\n\n\n<p>14 a\u00f1os despu\u00e9s de su creaci\u00f3n en 2007 el Instituto de F\u00edsica Aplicada -INFAP- de la Universidad Nacional de San Luis -UNSL- tendr\u00e1 su edificio. Daniel Filmus, ministro de Ciencia, Tecnolog\u00eda e Innovaci\u00f3n confirm\u00f3 la noticia: se enmarca dentro de las 72 obras en 21 provincias que buscar\u00e1n fortalecer la estructura federal del CONICET. El edificio se ubicar\u00e1 en el nuevo Campus Ciudad Universitaria ubicado en ruta 3 y Los Puquios. <\/p>\n\n\n\n<p>El INFAP Dr. Jorge Andr\u00e9s Zgrablich es uno de los 5 institutos que dependen tanto de CONICET como de la UNSL.<strong> Sus directores, Jos\u00e9 Ramirez Pastor y Ariel Ochoa, afirmaron que la iniciativa forma parte del programa nacional para favorecer el desarrollo cient\u00edfico en el interior del pa\u00eds, que demandar\u00e1 $12.000 millones en total. <\/strong><\/p>\n\n\n\n<p>En julio de este a\u00f1o ya hab\u00edan dado indicios de la obra, cuando el rector de la UNSL, Victor Mori\u00f1igo, anunci\u00f3: \u201cJunto al doctor F\u00e9lix Nieto Quintas hab\u00edamos avisado que est\u00e1bamos tras las gestiones de acelerar la construcci\u00f3n de este edificio\u201d. El proyecto surgi\u00f3 en la gesti\u00f3n de Nieto, ex rector de la casa de estudios provincial, y finalmente tuvo continuaci\u00f3n en la gesti\u00f3n actual. <\/p>\n\n\n\n<p>\u00abEs de vital importancia tener un edificio m\u00e1s descentralizado para la investigaci\u00f3n como Instituto de doble dependencia. Ser\u00e1 el primer edificio en el nuevo predio campus de la tercera rotonda de la zona norte\u201d, remarc\u00f3 Mori\u00f1igo.  <\/p>\n\n\n\n<p><\/p>\n\n\n\n<p> <\/p>\n","protected":false},"excerpt":{"rendered":"<p>Es una de las 72 obras que el ministerio de Ciencia, Tecnolog\u00eda e Innovaci\u00f3n construir\u00e1<\/p>\n","protected":false},"author":5,"featured_media":4818,"comment_status":"closed","ping_status":"closed","sticky":false,"template":"","format":"standard","meta":{"footnotes":""},"categories":[4],"tags":[1023,1897,523,805,512],"class_list":["post-4816","post","type-post","status-publish","format-standard","has-post-thumbnail","hentry","category-la-provincia","tag-ciencia","tag-infap","tag-tecnologia","tag-universidadpublica","tag-unsl"],"_links":{"self":[{"href":"https:\/\/lavozpuntana.com\/index.php?rest_route=\/wp\/v2\/posts\/4816","targetHints":{"allow":["GET"]}}],"collection":[{"href":"https:\/\/lavozpuntana.com\/index.php?rest_route=\/wp\/v2\/posts"}],"about":[{"href":"https:\/\/lavozpuntana.com\/index.php?rest_route=\/wp\/v2\/types\/post"}],"author":[{"embeddable":true,"href":"https:\/\/lavozpuntana.com\/index.php?rest_route=\/wp\/v2\/users\/5"}],"replies":[{"embeddable":true,"href":"https:\/\/lavozpuntana.com\/index.php?rest_route=%2Fwp%2Fv2%2Fcomments&post=4816"}],"version-history":[{"count":1,"href":"https:\/\/lavozpuntana.com\/index.php?rest_route=\/wp\/v2\/posts\/4816\/revisions"}],"predecessor-version":[{"id":4819,"href":"https:\/\/lavozpuntana.com\/index.php?rest_route=\/wp\/v2\/posts\/4816\/revisions\/4819"}],"wp:featuredmedia":[{"embeddable":true,"href":"https:\/\/lavozpuntana.com\/index.php?rest_route=\/wp\/v2\/media\/4818"}],"wp:attachment":[{"href":"https:\/\/lavozpuntana.com\/index.php?rest_route=%2Fwp%2Fv2%2Fmedia&parent=4816"}],"wp:term":[{"taxonomy":"category","embeddable":true,"href":"https:\/\/lavozpuntana.com\/index.php?rest_route=%2Fwp%2Fv2%2Fcategories&post=4816"},{"taxonomy":"post_tag","embeddable":true,"href":"https:\/\/lavozpuntana.com\/index.php?rest_route=%2Fwp%2Fv2%2Ftags&post=4816"}],"curies":[{"name":"wp","href":"https:\/\/api.w.org\/{rel}","templated":true}]}}