{"id":5782,"date":"2022-01-05T12:52:32","date_gmt":"2022-01-05T15:52:32","guid":{"rendered":"https:\/\/lavozpuntana.com\/?p=5782"},"modified":"2022-01-05T12:52:34","modified_gmt":"2022-01-05T15:52:34","slug":"salud-dosep-aumento-el-valor-de-las-ordenes","status":"publish","type":"post","link":"https:\/\/lavozpuntana.com\/?p=5782","title":{"rendered":"Salud: DOSEP aument\u00f3 el valor de las \u00f3rdenes"},"content":{"rendered":"\n<h2 class=\"wp-block-heading\" style=\"font-size:24px\">La actualizaci\u00f3n en las prestaciones se aplic\u00f3 el primer d\u00eda h\u00e1bil de 2022. En los \u00faltimos doce meses el valor de las \u00f3rdenes aument\u00f3 un 57%. <\/h2>\n\n\n\n<figure class=\"wp-block-image size-large\"><img loading=\"lazy\" decoding=\"async\" width=\"1024\" height=\"768\" src=\"https:\/\/lavozpuntana.com\/wp-content\/uploads\/2022\/01\/dosep.jpg\" alt=\"\" class=\"wp-image-5783\" srcset=\"https:\/\/lavozpuntana.com\/wp-content\/uploads\/2022\/01\/dosep.jpg 1024w, https:\/\/lavozpuntana.com\/wp-content\/uploads\/2022\/01\/dosep-300x225.jpg 300w, https:\/\/lavozpuntana.com\/wp-content\/uploads\/2022\/01\/dosep-768x576.jpg 768w, https:\/\/lavozpuntana.com\/wp-content\/uploads\/2022\/01\/dosep-720x540.jpg 720w\" sizes=\"auto, (max-width: 1024px) 100vw, 1024px\" \/><figcaption>La obra social provincial tambi\u00e9n aumentar\u00e1 el valor de la prestaci\u00f3n para los profesionales, aunque lo percibir\u00e1n en 90 d\u00edas. Foto: El Diario. <\/figcaption><\/figure>\n\n\n\n<p>El a\u00f1o comenz\u00f3 con una actualizaci\u00f3n en los valores de las \u00f3rdenes para DOSEP, la obra social que nuclea a los trabajadores estatales de la provincia. <strong>Todas las prestaciones sufrieron modificaciones el primer d\u00eda h\u00e1bil del a\u00f1o, aunque el aumento no fue uniforme. <\/strong><\/p>\n\n\n\n<p>En el caso de la orden m\u00e9dica com\u00fan, la m\u00e1s requerida, pas\u00f3 de costar $190 a $220: representa un aumento del 15,78%. Por su parte, el valor de las consultas psicol\u00f3gica y odontol\u00f3gica aument\u00f3 en un 12%. Tras el \u00faltimo aumento en septiembre la primera costaba $250, y desde enero aument\u00f3 a $280. <\/p>\n\n\n\n<p><strong>Con esta \u00faltima suba los coseguros para acceder a atenci\u00f3n m\u00e9dica subieron un 57% en los \u00faltimos doce meses<\/strong>. En febrero de 2021 la consulta m\u00e9dica com\u00fan -que ahora cuesta $220- sal\u00eda $140. Asimismo, a finales de a\u00f1o los afiliados debieron pagar un plus a aquellos profesionales integrantes del C\u00edrculo M\u00e9dico. <\/p>\n\n\n\n<p>Tras una medida de fuerza de los profesionales enmarcados en dicho organismo, el 22 de diciembre acordaron una suba del 15% en la prestaci\u00f3n que DOSEP les paga por cada consulta, aunque el pago se har\u00e1 en 90 d\u00edas. As\u00ed, los profesionales pasar\u00e1n de percibir $1089 a $1253.<\/p>\n","protected":false},"excerpt":{"rendered":"<p>La actualizaci\u00f3n en las prestaciones se aplic\u00f3 el primer d\u00eda h\u00e1bil de 2022. En los<\/p>\n","protected":false},"author":5,"featured_media":5783,"comment_status":"closed","ping_status":"closed","sticky":false,"template":"","format":"standard","meta":{"footnotes":""},"categories":[4],"tags":[1140,618,2274,246],"class_list":["post-5782","post","type-post","status-publish","format-standard","has-post-thumbnail","hentry","category-la-provincia","tag-aumento","tag-dosep","tag-obrassociales","tag-salud-2"],"_links":{"self":[{"href":"https:\/\/lavozpuntana.com\/index.php?rest_route=\/wp\/v2\/posts\/5782","targetHints":{"allow":["GET"]}}],"collection":[{"href":"https:\/\/lavozpuntana.com\/index.php?rest_route=\/wp\/v2\/posts"}],"about":[{"href":"https:\/\/lavozpuntana.com\/index.php?rest_route=\/wp\/v2\/types\/post"}],"author":[{"embeddable":true,"href":"https:\/\/lavozpuntana.com\/index.php?rest_route=\/wp\/v2\/users\/5"}],"replies":[{"embeddable":true,"href":"https:\/\/lavozpuntana.com\/index.php?rest_route=%2Fwp%2Fv2%2Fcomments&post=5782"}],"version-history":[{"count":1,"href":"https:\/\/lavozpuntana.com\/index.php?rest_route=\/wp\/v2\/posts\/5782\/revisions"}],"predecessor-version":[{"id":5784,"href":"https:\/\/lavozpuntana.com\/index.php?rest_route=\/wp\/v2\/posts\/5782\/revisions\/5784"}],"wp:featuredmedia":[{"embeddable":true,"href":"https:\/\/lavozpuntana.com\/index.php?rest_route=\/wp\/v2\/media\/5783"}],"wp:attachment":[{"href":"https:\/\/lavozpuntana.com\/index.php?rest_route=%2Fwp%2Fv2%2Fmedia&parent=5782"}],"wp:term":[{"taxonomy":"category","embeddable":true,"href":"https:\/\/lavozpuntana.com\/index.php?rest_route=%2Fwp%2Fv2%2Fcategories&post=5782"},{"taxonomy":"post_tag","embeddable":true,"href":"https:\/\/lavozpuntana.com\/index.php?rest_route=%2Fwp%2Fv2%2Ftags&post=5782"}],"curies":[{"name":"wp","href":"https:\/\/api.w.org\/{rel}","templated":true}]}}