{"id":6322,"date":"2022-08-18T14:15:36","date_gmt":"2022-08-18T17:15:36","guid":{"rendered":"https:\/\/lavozpuntana.com\/?p=6322"},"modified":"2022-08-18T14:20:15","modified_gmt":"2022-08-18T17:20:15","slug":"la-campeona-del-mundial-del-asado-regreso-a-san-luis","status":"publish","type":"post","link":"https:\/\/lavozpuntana.com\/?p=6322","title":{"rendered":"LA CAMPEONA DEL MUNDIAL DEL ASADO REGRES\u00d3 A SAN LUIS"},"content":{"rendered":"\n<p><strong>Natal\u00ed Su\u00e1rez Pardo, la Campeona Federal del Asado, volvi\u00f3 a San Luis y ya se prepara para el Mundial de B\u00e9lgica.<\/strong><\/p>\n\n\n\n<p>El pasado fin de semana, Natal\u00ed Su\u00e1rez Pardo se transform\u00f3 en la mejor asadora de Argentina, luego de haberse consagrado en el Campeonato Federal del Asado, que reuni\u00f3 a 24 asadores de todo el pa\u00eds.<\/p>\n\n\n\n<p>Con una sonrisa dif\u00edcil de disimular, la puntana lleg\u00f3 a la provincia y comparti\u00f3 en una reuni\u00f3n con el titular de la cartera productiva todo lo vivido en el certamen nacional.<\/p>\n\n\n\n<p>Como parte de la reuni\u00f3n, la campeona cont\u00f3 que ya se est\u00e1 preparando para lo que viene, que es el Torneo Mundial que se desarrollar\u00e1 en B\u00e9lgica, en septiembre, donde representar\u00e1 a la Argentina con sus preparaciones.<\/p>\n","protected":false},"excerpt":{"rendered":"<p>Natal\u00ed Su\u00e1rez Pardo, la Campeona Federal del Asado, volvi\u00f3 a San Luis y ya se prepara para el Mundial de B\u00e9lgica.<\/p>\n","protected":false},"author":4,"featured_media":6323,"comment_status":"closed","ping_status":"closed","sticky":false,"template":"","format":"standard","meta":{"footnotes":""},"categories":[4],"tags":[],"class_list":["post-6322","post","type-post","status-publish","format-standard","has-post-thumbnail","hentry","category-la-provincia"],"_links":{"self":[{"href":"https:\/\/lavozpuntana.com\/index.php?rest_route=\/wp\/v2\/posts\/6322","targetHints":{"allow":["GET"]}}],"collection":[{"href":"https:\/\/lavozpuntana.com\/index.php?rest_route=\/wp\/v2\/posts"}],"about":[{"href":"https:\/\/lavozpuntana.com\/index.php?rest_route=\/wp\/v2\/types\/post"}],"author":[{"embeddable":true,"href":"https:\/\/lavozpuntana.com\/index.php?rest_route=\/wp\/v2\/users\/4"}],"replies":[{"embeddable":true,"href":"https:\/\/lavozpuntana.com\/index.php?rest_route=%2Fwp%2Fv2%2Fcomments&post=6322"}],"version-history":[{"count":1,"href":"https:\/\/lavozpuntana.com\/index.php?rest_route=\/wp\/v2\/posts\/6322\/revisions"}],"predecessor-version":[{"id":6324,"href":"https:\/\/lavozpuntana.com\/index.php?rest_route=\/wp\/v2\/posts\/6322\/revisions\/6324"}],"wp:featuredmedia":[{"embeddable":true,"href":"https:\/\/lavozpuntana.com\/index.php?rest_route=\/wp\/v2\/media\/6323"}],"wp:attachment":[{"href":"https:\/\/lavozpuntana.com\/index.php?rest_route=%2Fwp%2Fv2%2Fmedia&parent=6322"}],"wp:term":[{"taxonomy":"category","embeddable":true,"href":"https:\/\/lavozpuntana.com\/index.php?rest_route=%2Fwp%2Fv2%2Fcategories&post=6322"},{"taxonomy":"post_tag","embeddable":true,"href":"https:\/\/lavozpuntana.com\/index.php?rest_route=%2Fwp%2Fv2%2Ftags&post=6322"}],"curies":[{"name":"wp","href":"https:\/\/api.w.org\/{rel}","templated":true}]}}