{"id":6573,"date":"2022-09-09T10:39:36","date_gmt":"2022-09-09T13:39:36","guid":{"rendered":"https:\/\/lavozpuntana.com\/?p=6573"},"modified":"2022-09-09T10:39:39","modified_gmt":"2022-09-09T13:39:39","slug":"tras-la-decision-del-hcd-el-gobierno-de-san-luis-reprogramo-la-competencia-motonautica-en-potrero-de-los-funes","status":"publish","type":"post","link":"https:\/\/lavozpuntana.com\/?p=6573","title":{"rendered":"TRAS LA DECISI\u00d3N DEL HCD, EL GOBIERNO DE SAN LUIS \u00abREPROGRAM\u00d3\u00bb LA COMPETENCIA MOTON\u00c1UTICA EN POTRERO DE LOS FUNES"},"content":{"rendered":"\n<p><strong>El Gobierno de San Luis anunci\u00f3 que la 3\u00b0 fecha del campeonato de F1 Powerboat no se realizar\u00e1 en el dique de la localidad tur\u00edstica el pr\u00f3ximo fin de semana. La decisi\u00f3n fue posterior a la sanci\u00f3n de la ordenanza del Concejo Deliberante de esa localidad que por iniciativa de la oposici\u00f3n present\u00f3 un proyecto para prohibir la competencia.<\/strong><\/p>\n\n\n\n<p>\u201cEs una l\u00e1stima que detr\u00e1s de este evento que genera un movimiento tur\u00edstico para la localidad de Potrero de los Funes existan excusas pol\u00edticas confabuladas que buscan confundir a la poblaci\u00f3n. Caba\u00f1eros y hoteleros tuvieron que suspender reservas y lamentablemente la decisi\u00f3n afecta a los comercios que estaban preparados para un nuevo fin de semana con gran movimiento en el sector\u201d, manifest\u00f3 el gerente general de San Luis Agua, Nazareno Perroni tras anunciar la decisi\u00f3n.<\/p>\n\n\n\n<p>\u201cEstas razones son m\u00e1s que suficientes para reprogramar la fecha y el lugar del evento. Es importante destacar que San Luis Agua es la autoridad de aplicaci\u00f3n de todos los espejos de agua de la provincia y tanto las embarcaciones, como los motores, cuentan con la certificaci\u00f3n ambiental pertinente, donde en un trabajo en conjunto entre la Secretar\u00eda de Ambiente y el Municipio de Potrero de los Funes celebrar\u00edamos una fiesta y la econom\u00eda y el turismo se ver\u00edan potenciados durante la temporada baja. Bajo ning\u00fan aspecto el Gobierno tiene alguna intenci\u00f3n de generar pol\u00e9mica con la carrera\u201d, agreg\u00f3.<\/p>\n\n\n\n<p>Y cerr\u00f3: \u201cAgradecemos p\u00fablicamente a la Categor\u00eda F1 Powerboat por la comprensi\u00f3n y el apoyo durante la organizaci\u00f3n del evento. Ellos, como nosotros, comprenden la importancia de contar con un evento n\u00e1utico de esta magnitud, teniendo en cuenta el impacto tur\u00edstico y econ\u00f3mico que el mismo genera\u201d.<\/p>\n\n\n\n<p>Fuente: La posta de San Luis.<\/p>\n","protected":false},"excerpt":{"rendered":"<p>El Gobierno de San Luis anunci\u00f3 que la 3\u00b0 fecha del campeonato de F1 Powerboat no se realizar\u00e1 en el dique de la localidad tur\u00edstica el pr\u00f3ximo fin de semana. La decisi\u00f3n fue posterior a la sanci\u00f3n de la ordenanza del Concejo Deliberante de esa localidad que por iniciativa de la oposici\u00f3n present\u00f3 un proyecto para prohibir la competencia.<\/p>\n","protected":false},"author":4,"featured_media":6574,"comment_status":"closed","ping_status":"closed","sticky":false,"template":"","format":"standard","meta":{"footnotes":""},"categories":[4],"tags":[],"class_list":["post-6573","post","type-post","status-publish","format-standard","has-post-thumbnail","hentry","category-la-provincia"],"_links":{"self":[{"href":"https:\/\/lavozpuntana.com\/index.php?rest_route=\/wp\/v2\/posts\/6573","targetHints":{"allow":["GET"]}}],"collection":[{"href":"https:\/\/lavozpuntana.com\/index.php?rest_route=\/wp\/v2\/posts"}],"about":[{"href":"https:\/\/lavozpuntana.com\/index.php?rest_route=\/wp\/v2\/types\/post"}],"author":[{"embeddable":true,"href":"https:\/\/lavozpuntana.com\/index.php?rest_route=\/wp\/v2\/users\/4"}],"replies":[{"embeddable":true,"href":"https:\/\/lavozpuntana.com\/index.php?rest_route=%2Fwp%2Fv2%2Fcomments&post=6573"}],"version-history":[{"count":1,"href":"https:\/\/lavozpuntana.com\/index.php?rest_route=\/wp\/v2\/posts\/6573\/revisions"}],"predecessor-version":[{"id":6575,"href":"https:\/\/lavozpuntana.com\/index.php?rest_route=\/wp\/v2\/posts\/6573\/revisions\/6575"}],"wp:featuredmedia":[{"embeddable":true,"href":"https:\/\/lavozpuntana.com\/index.php?rest_route=\/wp\/v2\/media\/6574"}],"wp:attachment":[{"href":"https:\/\/lavozpuntana.com\/index.php?rest_route=%2Fwp%2Fv2%2Fmedia&parent=6573"}],"wp:term":[{"taxonomy":"category","embeddable":true,"href":"https:\/\/lavozpuntana.com\/index.php?rest_route=%2Fwp%2Fv2%2Fcategories&post=6573"},{"taxonomy":"post_tag","embeddable":true,"href":"https:\/\/lavozpuntana.com\/index.php?rest_route=%2Fwp%2Fv2%2Ftags&post=6573"}],"curies":[{"name":"wp","href":"https:\/\/api.w.org\/{rel}","templated":true}]}}