{"id":6694,"date":"2022-09-21T14:09:38","date_gmt":"2022-09-21T17:09:38","guid":{"rendered":"https:\/\/lavozpuntana.com\/?p=6694"},"modified":"2022-09-21T14:09:42","modified_gmt":"2022-09-21T17:09:42","slug":"deja-de-ser-obligatorio-el-uso-del-barbijo","status":"publish","type":"post","link":"https:\/\/lavozpuntana.com\/?p=6694","title":{"rendered":"DEJA DE SER OBLIGATORIO EL USO DEL BARBIJO"},"content":{"rendered":"\n<p><strong>La decisi\u00f3n fue dada a conocer en las primeras horas del mi\u00e9rcoles, sin embargo, la cartera a cargo de Carla Vizzotti, contin\u00faa recomendando el uso del mismo en espacios interiores.<\/strong><\/p>\n\n\n\n<p>El Ministerio de Salud declar\u00f3 este mi\u00e9rcoles la no obligatoriedad del uso del barbijo en la Argentina. Cada jurisdicci\u00f3n podr\u00e1 adoptar las recomendaciones pertinentes en funci\u00f3n de su situaci\u00f3n epidemiol\u00f3gica particular y la estrategia sanitaria planificada<\/p>\n\n\n\n<p>La decisi\u00f3n, dada a conocer en las primeras horas del mi\u00e9rcoles a trav\u00e9s de la resoluci\u00f3n 1849\/2022 publicada en el Bolet\u00edn Oficial, tiene lugar a dos a\u00f1os y medio del comienzo del aislamiento social, preventivo y obligatorio (ASPO) declarado por el Gobierno nacional para paliar los efectos de la pandemia de Covid-19.<\/p>\n\n\n\n<p>Sin embargo, la cartera a cargo de Carla Vizzotti, contin\u00faa recomendando el uso de barbijo \u00aben espacios interiores, incluyendo los \u00e1mbitos laborales, educativos, sociales y el transporte p\u00fablico\u00bb.<\/p>\n\n\n\n<p>Entre las \u00abmedidas de prevenci\u00f3n general\u00bb se sugiere asegurar la ventilaci\u00f3n de los ambientes; mantener la higiene adecuada y frecuente de manos; ante la presencia de s\u00edntomas evitar el contacto con otras personas, no acudir a actividades laborales, sociales, educativas, lugares p\u00fablicos y evitar el uso de transporte\u00bb.<\/p>\n\n\n\n<p>Seg\u00fan la resoluci\u00f3n, \u00abel SARS-CoV-2 se ha convertido en un virus circulaci\u00f3n estacional\u00bb, lo que hace que la utilizaci\u00f3n del barbijo quede solo reservada a la presentaci\u00f3n de \u00abescenarios particulares\u00bb.<\/p>\n\n\n\n<p>El texto resalta la importancia de las coberturas de vacunaci\u00f3n que lograron disminuir de manera considerable la incidencia de enfermedad grave y la mortalidad por Covid-19<\/p>\n\n\n\n<p>Asimismo, el texto resalta la importancia de las coberturas de vacunaci\u00f3n que \u00ablograron disminuir de manera considerable la incidencia de enfermedad grave y la mortalidad por Covid-19, independientemente de la variante circulante\u00bb.<\/p>\n\n\n\n<p>En tanto que, sobre la aplicabilidad de estas medidas, la resoluci\u00f3n se\u00f1ala: \u00abcada jurisdicci\u00f3n podr\u00e1 adoptar las recomendaciones pertinentes en funci\u00f3n de su situaci\u00f3n epidemiol\u00f3gica particular y la estrategia sanitaria planificada\u00bb.<\/p>\n\n\n\n<p>Fuente: Telam<\/p>\n","protected":false},"excerpt":{"rendered":"<p>La decisi\u00f3n fue dada a conocer en las primeras horas del mi\u00e9rcoles, sin embargo, la cartera a cargo de Carla Vizzotti, contin\u00faa recomendando el uso del mismo en espacios interiores.<\/p>\n","protected":false},"author":4,"featured_media":6695,"comment_status":"closed","ping_status":"closed","sticky":false,"template":"","format":"standard","meta":{"footnotes":""},"categories":[5],"tags":[],"class_list":["post-6694","post","type-post","status-publish","format-standard","has-post-thumbnail","hentry","category-el-pais"],"_links":{"self":[{"href":"https:\/\/lavozpuntana.com\/index.php?rest_route=\/wp\/v2\/posts\/6694","targetHints":{"allow":["GET"]}}],"collection":[{"href":"https:\/\/lavozpuntana.com\/index.php?rest_route=\/wp\/v2\/posts"}],"about":[{"href":"https:\/\/lavozpuntana.com\/index.php?rest_route=\/wp\/v2\/types\/post"}],"author":[{"embeddable":true,"href":"https:\/\/lavozpuntana.com\/index.php?rest_route=\/wp\/v2\/users\/4"}],"replies":[{"embeddable":true,"href":"https:\/\/lavozpuntana.com\/index.php?rest_route=%2Fwp%2Fv2%2Fcomments&post=6694"}],"version-history":[{"count":1,"href":"https:\/\/lavozpuntana.com\/index.php?rest_route=\/wp\/v2\/posts\/6694\/revisions"}],"predecessor-version":[{"id":6696,"href":"https:\/\/lavozpuntana.com\/index.php?rest_route=\/wp\/v2\/posts\/6694\/revisions\/6696"}],"wp:featuredmedia":[{"embeddable":true,"href":"https:\/\/lavozpuntana.com\/index.php?rest_route=\/wp\/v2\/media\/6695"}],"wp:attachment":[{"href":"https:\/\/lavozpuntana.com\/index.php?rest_route=%2Fwp%2Fv2%2Fmedia&parent=6694"}],"wp:term":[{"taxonomy":"category","embeddable":true,"href":"https:\/\/lavozpuntana.com\/index.php?rest_route=%2Fwp%2Fv2%2Fcategories&post=6694"},{"taxonomy":"post_tag","embeddable":true,"href":"https:\/\/lavozpuntana.com\/index.php?rest_route=%2Fwp%2Fv2%2Ftags&post=6694"}],"curies":[{"name":"wp","href":"https:\/\/api.w.org\/{rel}","templated":true}]}}