{"id":6701,"date":"2022-09-21T15:10:53","date_gmt":"2022-09-21T18:10:53","guid":{"rendered":"https:\/\/lavozpuntana.com\/?p=6701"},"modified":"2022-09-21T15:10:55","modified_gmt":"2022-09-21T18:10:55","slug":"se-trasladaran-los-restos-del-coronel-pringles-al-monumento-puntano-de-la-independencia","status":"publish","type":"post","link":"https:\/\/lavozpuntana.com\/?p=6701","title":{"rendered":"SE TRASLADAR\u00c1N LOS RESTOS DEL CORONEL PRINGLES AL MONUMENTO PUNTANO DE LA INDEPENDENCIA"},"content":{"rendered":"\n<p><strong>La C\u00e1mara de Diputados sancion\u00f3 por unanimidad este mi\u00e9rcoles la ley que establece el traslado de los restos del coronel Juan Pascual Pringles desde la Catedral al Monumento Puntano de la Independencia. Los restos mortales de Pringles est\u00e1n en la Catedral desde hace 58 a\u00f1os.<\/strong><\/p>\n\n\n\n<p>\u201cEn lo personal y para todos los puntanos es un d\u00eda muy importante en donde se dispone trasladas los restos del coronel Juan Pascual Pringles quien es nuestro m\u00e1ximo h\u00e9roe puntano\u201d, fueron algunas de las palabras del diputado oficialista Marcelo P\u00e1ez Logioia.<\/p>\n\n\n\n<p>El legislador detall\u00f3 que Pringles falleci\u00f3 en 1831 y fue enterrado en una tumba an\u00f3nima para \u201cresguardar su integridad\u201d. Luego fue trasladado al cementerio de la iglesia Matriz, actual plaza Independencia, pero tiempo despu\u00e9s, los restos fueron trasladados al cementerio Central, actual San Jos\u00e9 en el centro de la ciudad.<\/p>\n\n\n\n<p>El 27 de octubre de 1948 se aprueba una ley para que los restos de Pringles fueran llevados a la iglesia Catedral, pero el traslado se realiz\u00f3 reci\u00e9n el el domingo 21 de julio de 1968.<\/p>\n\n\n\n<p>Teniendo en cuenta la sanci\u00f3n de la ley habr\u00e1 que ver cu\u00e1ndo se materializa el traslado de Pringles al al Monumento Puntano de la Independencia, ubicado en Las Chacras e inaugurado en 1991.<\/p>\n\n\n\n<p>Pringles particip\u00f3 en la campa\u00f1a libertadora de Jos\u00e9 de San Mart\u00edn al Per\u00fa y pele\u00f3 en varios combates. En la perdida batalla de Chancay, el 27 de noviembre de 1821, Pringles al verse superado en n\u00famero por el enemigo realista, se meti\u00f3 en caballo al mar para no entregar los mensajes en su poder. El mito dice que se tir\u00f3 al mar con la bandera. Ante tal acto, el general realista mand\u00f3 a salvarlo, le perdon\u00f3 la vida y mand\u00f3 a destruir los mensajes.<\/p>\n\n\n\n<p>\u201cEl caballeresco coronel realista Ger\u00f3nimo Valdez, viendo que el jinete no pod\u00eda dominar el caballo encabritado entre el oleaje, le grit\u00f3 desde la orilla: \u2018\u00a1R\u00edndase usted, se\u00f1or oficial, que la vida le garantizo! \u00bfQu\u00e9 m\u00e1s quiere hacer por su honor personal y el de su ej\u00e9rcito?\u2019 Pringles acept\u00f3 que lo sacaran de las torrentosas aguas. Los realistas lo trataron con toda consideraci\u00f3n y lo llevaron preso a las Casas Matas de El Callao. Meses m\u00e1s tarde, San Mart\u00edn logr\u00f3 rescatarlo en un canje de cautivos. En el orden del d\u00eda, expres\u00f3 que Pringles hab\u00eda actuado con gran valor, pero con imprudencia, y que \u2018s\u00f3lo el ejemplo extraordinario de su bravura lo salv\u00f3 de las leyes militares\u2019. Se otorg\u00f3 a \u00e9l y a sus granaderos un escudo de pa\u00f1o con la leyenda bordada \u2018Gloria a los vencedores en Chancay\u2019\u201d, dice un art\u00edculo de El Orden de Pringles.<\/p>\n\n\n\n<p>A\u00f1os m\u00e1s tarde, en la Guerra Civil, form\u00f3 parte del ej\u00e9rcito unitario de Juan Lavalle en contra de los federales encabezados por Juan Manuel Dorrego. \u201cCon escasos y agotados hombres, lleg\u00f3 al paraje de Cha\u00f1aral de las \u00c1nimas, ya en territorio puntano. All\u00ed lo alcanz\u00f3 una partida del Tigre de los Llanos.<\/p>\n\n\n\n<p>El historiador Juan Beverina narra que ese d\u00eda, 18 de marzo de 1831, cuando lo alcanzaron las fuerzas federales, Pringles, \u2018teniendo su caballo cansado, ech\u00f3 pie a tierra. A la intimaci\u00f3n que le hizo un oficial para que se rindiese, contest\u00f3 afirmativamente, pero se neg\u00f3 a entregar la espada diciendo que se la dar\u00eda solamente al propio Quiroga. El oficial descerraj\u00f3 un tiro que le atraves\u00f3 el pecho y caus\u00f3 la muerte al valiente oficial de las guerras de la independencia\u2019\u201d, dice el art\u00edculo citado.<\/p>\n\n\n\n<p>\u201cSeg\u00fan el historiador Antonio Zinny, al enterarse Quiroga de la muerte de Pringles, hizo llamar al oficial que lo hab\u00eda ejecutado, y le dijo: \u2018\u00a1Por no manchar con tu sangre el cuerpo del valiente coronel Pringles, no te hago pegar cuatro tiros sobre su cad\u00e1ver! \u00a1Cuidado con otra vez que un rendido invoque mi nombre!\u2019\u201d. Pringles ten\u00eda 35 a\u00f1os.<\/p>\n\n\n\n<p>Fuente: La Gaceta Digital.<\/p>\n","protected":false},"excerpt":{"rendered":"<p>La C\u00e1mara de Diputados sancion\u00f3 por unanimidad este mi\u00e9rcoles la ley que establece el traslado de los restos del coronel Juan Pascual Pringles desde la Catedral al Monumento Puntano de la Independencia. Los restos mortales de Pringles est\u00e1n en la Catedral desde hace 58 a\u00f1os.<\/p>\n","protected":false},"author":4,"featured_media":6702,"comment_status":"closed","ping_status":"closed","sticky":false,"template":"","format":"standard","meta":{"footnotes":""},"categories":[4],"tags":[],"class_list":["post-6701","post","type-post","status-publish","format-standard","has-post-thumbnail","hentry","category-la-provincia"],"_links":{"self":[{"href":"https:\/\/lavozpuntana.com\/index.php?rest_route=\/wp\/v2\/posts\/6701","targetHints":{"allow":["GET"]}}],"collection":[{"href":"https:\/\/lavozpuntana.com\/index.php?rest_route=\/wp\/v2\/posts"}],"about":[{"href":"https:\/\/lavozpuntana.com\/index.php?rest_route=\/wp\/v2\/types\/post"}],"author":[{"embeddable":true,"href":"https:\/\/lavozpuntana.com\/index.php?rest_route=\/wp\/v2\/users\/4"}],"replies":[{"embeddable":true,"href":"https:\/\/lavozpuntana.com\/index.php?rest_route=%2Fwp%2Fv2%2Fcomments&post=6701"}],"version-history":[{"count":1,"href":"https:\/\/lavozpuntana.com\/index.php?rest_route=\/wp\/v2\/posts\/6701\/revisions"}],"predecessor-version":[{"id":6703,"href":"https:\/\/lavozpuntana.com\/index.php?rest_route=\/wp\/v2\/posts\/6701\/revisions\/6703"}],"wp:featuredmedia":[{"embeddable":true,"href":"https:\/\/lavozpuntana.com\/index.php?rest_route=\/wp\/v2\/media\/6702"}],"wp:attachment":[{"href":"https:\/\/lavozpuntana.com\/index.php?rest_route=%2Fwp%2Fv2%2Fmedia&parent=6701"}],"wp:term":[{"taxonomy":"category","embeddable":true,"href":"https:\/\/lavozpuntana.com\/index.php?rest_route=%2Fwp%2Fv2%2Fcategories&post=6701"},{"taxonomy":"post_tag","embeddable":true,"href":"https:\/\/lavozpuntana.com\/index.php?rest_route=%2Fwp%2Fv2%2Ftags&post=6701"}],"curies":[{"name":"wp","href":"https:\/\/api.w.org\/{rel}","templated":true}]}}